{"id":7420,"date":"2026-08-31T09:41:35","date_gmt":"2026-08-31T07:41:35","guid":{"rendered":"https:\/\/mapetitetouche.fr\/blog\/a-la-une\/realiser-des-decorations-pour-la-rentree-scolaire\/"},"modified":"2026-08-31T09:42:06","modified_gmt":"2026-08-31T07:42:06","slug":"realiser-des-decorations-pour-la-rentree-scolaire","status":"publish","type":"post","link":"https:\/\/mapetitetouche.fr\/blog\/decoration-interieure\/realiser-des-decorations-pour-la-rentree-scolaire\/","title":{"rendered":"D\u00e9coration de porte de classe pour la rentr\u00e9e scolaire : id\u00e9es par niveau"},"content":{"rendered":"<link rel=\"stylesheet\" href=\"https:\/\/fonts.googleapis.com\/css2?family=Fraunces:opsz,wght@9..144,600;9..144,700;9..144,900&#038;family=Inter:wght@400;500;600;700&#038;family=JetBrains+Mono:wght@500&#038;display=swap\">\n<style>\n.mpt-listicle-wrap{--mpt-acc:#B3541E;--mpt-acc-soft:#FDF1E7;--mpt-ink:#1F2733;--mpt-mut:#5C6675;--mpt-line:#E9E2DA;font-family:\"Inter\",system-ui,sans-serif;color:var(--mpt-ink);font-size:17px;line-height:1.65}\n.mpt-listicle-wrap p{font-family:\"Inter\",system-ui,sans-serif;font-size:17px;line-height:1.7;color:#2B3542;margin:0 0 18px}\n.mpt-listicle-wrap h2{font-family:\"Fraunces\",\"Iowan Old Style\",serif;font-weight:800;font-size:clamp(24px,3.2vw,34px);letter-spacing:-.015em;line-height:1.2;color:var(--mpt-ink);margin:52px 0 16px}\n.mpt-listicle-wrap h3{font-family:\"Fraunces\",\"Iowan Old Style\",serif;font-weight:700;font-size:clamp(19px,2.2vw,24px);letter-spacing:-.01em;line-height:1.3;color:var(--mpt-ink);margin:34px 0 12px}\n.mpt-listicle-wrap h2::before{content:\"\";display:block;width:52px;height:4px;border-radius:3px;background:var(--mpt-acc);margin-bottom:14px}\n.mpt-listicle-wrap a{color:var(--mpt-acc);text-decoration:underline;text-decoration-thickness:2px;text-underline-offset:3px}\n.mpt-listicle-kicker{font-family:\"JetBrains Mono\",ui-monospace,monospace;font-size:11px;font-weight:500;letter-spacing:.14em;text-transform:uppercase;color:var(--mpt-acc);margin-bottom:10px;display:block}\n.mpt-listicle-lead{font-size:19px;line-height:1.6;color:#3A4655;font-weight:500;margin:0 0 26px}\n.mpt-listicle-answer{background:var(--mpt-acc-soft);border-left:5px solid var(--mpt-acc);border-radius:0 14px 14px 0;padding:24px 26px;margin:26px 0 34px;box-shadow:0 1px 2px rgba(16,24,40,.05),0 12px 28px -16px rgba(16,24,40,.18)}\n.mpt-listicle-answer .mpt-listicle-ttl{font-family:\"Fraunces\",serif;font-weight:800;font-size:21px;margin-bottom:10px;color:var(--mpt-ink)}\n.mpt-listicle-answer .mpt-listicle-txt{font-size:17px;line-height:1.7;color:#33404F}\n.mpt-listicle-toc{border:1px solid var(--mpt-line);border-radius:14px;padding:20px 22px;margin:26px 0 40px;background:#FFFCFA}\n.mpt-listicle-toc .mpt-listicle-ttl{font-family:\"JetBrains Mono\",monospace;font-size:11px;letter-spacing:.14em;text-transform:uppercase;color:var(--mpt-mut);margin-bottom:12px}\n.mpt-listicle-chips{display:flex;flex-wrap:wrap;gap:9px;list-style:none;margin:0;padding:0}\n.mpt-listicle-chips li{margin:0}\n.mpt-listicle-chips a{display:inline-block;font-size:14px;font-weight:600;text-decoration:none;color:var(--mpt-ink);background:#fff;border:1px solid var(--mpt-line);border-radius:999px;padding:7px 14px;transition:.25s ease}\n.mpt-listicle-chips a:hover{transform:translateY(-3px);border-color:var(--mpt-acc);color:var(--mpt-acc);box-shadow:0 8px 18px -10px rgba(179,84,30,.55)}\n.mpt-listicle-grid{display:grid;grid-template-columns:repeat(auto-fit,minmax(250px,1fr));gap:22px;margin:28px 0}\n.mpt-listicle-card{background:#fff;border:1px solid var(--mpt-line);border-top:3px solid var(--mpt-acc);border-radius:14px;padding:24px;transition:.25s ease;box-shadow:0 1px 2px rgba(16,24,40,.05)}\n.mpt-listicle-card:hover{transform:translateY(-3px);box-shadow:0 1px 2px rgba(16,24,40,.05),0 16px 34px -18px rgba(16,24,40,.35)}\n.mpt-listicle-card .mpt-listicle-num{font-family:\"JetBrains Mono\",monospace;font-size:12px;color:var(--mpt-acc);letter-spacing:.1em;margin-bottom:8px}\n.mpt-listicle-card .mpt-listicle-ttl{font-family:\"Fraunces\",serif;font-weight:700;font-size:19px;margin-bottom:8px;line-height:1.3}\n.mpt-listicle-card .mpt-listicle-txt{font-size:15.5px;line-height:1.6;color:var(--mpt-mut)}\n.mpt-listicle-wrap ul:not(.mpt-listicle-chips){padding-left:0;list-style:none;margin:0 0 20px}\n.mpt-listicle-wrap ul:not(.mpt-listicle-chips)>li{position:relative;padding-left:26px;margin-bottom:10px;line-height:1.65}\n.mpt-listicle-wrap ul:not(.mpt-listicle-chips)>li::before{content:\"\u2192\";position:absolute;left:0;top:0;color:var(--mpt-acc);font-weight:700}\n.mpt-listicle-wrap .wp-block-table{margin:26px 0;overflow-x:auto}\n.mpt-listicle-wrap .wp-block-table table{width:100%;border-collapse:collapse;border-radius:12px;overflow:hidden;font-size:15.5px;box-shadow:0 1px 2px rgba(16,24,40,.05),0 12px 28px -18px rgba(16,24,40,.28)}\n.mpt-listicle-wrap .wp-block-table th{background:var(--mpt-acc-soft);color:var(--mpt-ink);font-weight:700;text-align:left;padding:13px 16px;border-bottom:2px solid var(--mpt-acc)}\n.mpt-listicle-wrap .wp-block-table td{padding:13px 16px;border-bottom:1px solid var(--mpt-line);vertical-align:top;color:#33404F}\n.mpt-listicle-wrap .wp-block-table tbody tr:nth-child(even){background:#FDFBF9}\n.mpt-listicle-keep{background:#22303F;color:#EEF3F9;border-radius:16px;padding:28px 30px;margin:44px 0;box-shadow:0 1px 2px rgba(16,24,40,.05),0 18px 40px -20px rgba(16,24,40,.5)}\n.mpt-listicle-keep .mpt-listicle-ttl{font-family:\"Fraunces\",serif;font-weight:800;font-size:22px;color:#FFFFFF!important;margin-bottom:14px}\n.mpt-listicle-keep ul{list-style:none;padding:0;margin:0}\n.mpt-listicle-keep li{position:relative;padding-left:28px;margin-bottom:11px;font-size:16.5px;line-height:1.6;color:#EEF3F9!important}\n.mpt-listicle-keep li strong{color:#FFD9C2!important}\n.mpt-listicle-keep li::before{content:\"\u2713\";position:absolute;left:0;top:0;color:#FFB185!important;font-weight:700}\n.mpt-listicle-faq{margin:40px 0}\n.mpt-listicle-faq details{border:1px solid var(--mpt-line);border-radius:12px;padding:16px 20px;margin-bottom:12px;background:#fff;transition:.25s ease}\n.mpt-listicle-faq details:hover{border-color:var(--mpt-acc);box-shadow:0 10px 24px -16px rgba(179,84,30,.6)}\n.mpt-listicle-faq summary{cursor:pointer;font-family:\"Fraunces\",serif;font-weight:700;font-size:17.5px;color:var(--mpt-ink);list-style:none;position:relative;padding-left:26px}\n.mpt-listicle-faq summary::-webkit-details-marker{display:none}\n.mpt-listicle-faq summary::before{content:\"+\";position:absolute;left:0;top:-2px;color:var(--mpt-acc);font-weight:800;font-size:20px}\n.mpt-listicle-faq details[open] summary::before{content:\"\u2013\"}\n.mpt-listicle-faq .mpt-listicle-txt{margin-top:12px;font-size:16px;line-height:1.7;color:#3A4655}\n@media(max-width:640px){.mpt-listicle-grid{grid-template-columns:1fr}}\n<\/style>\n<div class=\"mpt-listicle-wrap\">\n<p class=\"mpt-listicle-lead wp-block-paragraph\">La rentr\u00e9e scolaire est un moment marquant pour les enfants, mais aussi pour les parents et les enseignants. Avant m\u00eame le premier cahier, c\u2019est la <strong>porte de la classe<\/strong> qui donne le ton : c\u2019est elle que les \u00e9l\u00e8ves voient en arrivant, et c\u2019est la d\u00e9coration que l\u2019on refait chaque ann\u00e9e. Voici comment la r\u00e9ussir, niveau par niveau, puis comment prolonger l\u2019ambiance \u00e0 l\u2019int\u00e9rieur de la salle avec des mat\u00e9riaux simples et peu co\u00fbteux.<\/p>\n<div class=\"mpt-listicle-answer\">\n<span class=\"mpt-listicle-kicker\">L\u2019essentiel en 30 secondes<\/span>\n<div class=\"mpt-listicle-ttl\">Comment r\u00e9aliser une d\u00e9coration de porte de classe pour la rentr\u00e9e ?<\/div>\n<div class=\"mpt-listicle-txt\">Choisissez un th\u00e8me simple et lisible de loin (nature, espace, contes), habillez la porte d\u2019un fond en papier kraft ou en papier \u00e0 motifs, puis ajoutez un \u00e9l\u00e9ment par \u00e9l\u00e8ve \u2014 un pr\u00e9nom, une forme d\u00e9coup\u00e9e, une photo. La porte devient ainsi le portrait du groupe. On adapte ensuite l\u2019ex\u00e9cution au niveau : l\u2019adulte pr\u00e9pare tout en maternelle, l\u2019enfant participe d\u00e8s le CP, la classe con\u00e7oit elle-m\u00eame en cycle 3. Deux s\u00e9ances suffisent, et le mat\u00e9riel se limite \u00e0 du papier, de la colle, des ciseaux et de la peinture.<\/div>\n<\/div>\n<div class=\"mpt-listicle-toc\">\n<div class=\"mpt-listicle-ttl\">Au sommaire<\/div>\n<ul class=\"mpt-listicle-chips\">\n<li><a href=\"#mpt-porte\">D\u00e9coration de porte de classe<\/a><\/li>\n<li><a href=\"#mpt-fondamentaux\">Les fondamentaux<\/a><\/li>\n<li><a href=\"#mpt-classe\">L\u2019ambiance en classe<\/a><\/li>\n<li><a href=\"#mpt-fournitures\">Fournitures personnalis\u00e9es<\/a><\/li>\n<li><a href=\"#mpt-budget\">Budget ma\u00eetris\u00e9<\/a><\/li>\n<li><a href=\"#mpt-faq\">Questions fr\u00e9quentes<\/a><\/li>\n<\/ul>\n<\/div>\n<h2 class=\"wp-block-heading\" id=\"mpt-porte\">D\u00e9coration de porte de classe pour la rentr\u00e9e scolaire<\/h2>\n<p class=\"wp-block-paragraph\">C\u2019est le projet num\u00e9ro un de la rentr\u00e9e, et ce n\u2019est pas un hasard. La porte est une <strong>surface collective<\/strong> : elle appartient \u00e0 tout le groupe, elle se voit depuis le couloir, elle identifie la classe pour les familles comme pour les \u00e9l\u00e8ves. C\u2019est aussi la d\u00e9coration la plus rentable en temps pass\u00e9, parce qu\u2019une seule s\u00e9ance suffit \u00e0 produire un r\u00e9sultat visible toute l\u2019ann\u00e9e.<\/p>\n<p class=\"wp-block-paragraph\">Le principe est toujours le m\u00eame, quel que soit le niveau. On pose d\u2019abord un <strong>fond<\/strong> qui couvre la porte : papier kraft, papier affiche, ou grandes feuilles assembl\u00e9es au ruban de masquage. On ajoute ensuite un <strong>motif central<\/strong> li\u00e9 au th\u00e8me choisi (un arbre, une fus\u00e9e, un bateau, une ruche). Enfin, chaque \u00e9l\u00e8ve apporte <strong>un \u00e9l\u00e9ment \u00e0 son nom<\/strong> : une feuille, une \u00e9toile, un poisson, une abeille. Le message est imm\u00e9diat \u2014 la classe est un ensemble, et chacun y a sa place.<\/p>\n<div class=\"mpt-listicle-grid\">\n<div class=\"mpt-listicle-card\">\n<div class=\"mpt-listicle-num\">\u00c9TAPE 01<\/div>\n<div class=\"mpt-listicle-ttl\">Le fond<\/div>\n<div class=\"mpt-listicle-txt\">Une couleur unie qui contraste avec le mur du couloir. Fixez au ruban de masquage pour ne pas ab\u00eemer la porte, et pr\u00e9voyez un d\u00e9bord que vous replierez sur les bords.<\/div>\n<\/div>\n<div class=\"mpt-listicle-card\">\n<div class=\"mpt-listicle-num\">\u00c9TAPE 02<\/div>\n<div class=\"mpt-listicle-ttl\">Le motif central<\/div>\n<div class=\"mpt-listicle-txt\">Un seul \u00e9l\u00e9ment fort, d\u00e9coup\u00e9 en grand format. Il porte le th\u00e8me et sert de point d\u2019accroche pour le nom de la classe ou celui de l\u2019enseignant.<\/div>\n<\/div>\n<div class=\"mpt-listicle-card\">\n<div class=\"mpt-listicle-num\">\u00c9TAPE 03<\/div>\n<div class=\"mpt-listicle-ttl\">Un \u00e9l\u00e9ment par \u00e9l\u00e8ve<\/div>\n<div class=\"mpt-listicle-txt\">M\u00eame forme pour tous, d\u00e9coration libre pour chacun. C\u2019est ce qui transforme une d\u00e9co d\u2019adulte en portrait de groupe, et ce qui donne envie aux enfants de la montrer.<\/div>\n<\/div>\n<\/div>\n<h3 class=\"wp-block-heading\">D\u00e9coration de porte de classe pour la rentr\u00e9e en maternelle<\/h3>\n<p class=\"wp-block-paragraph\">En maternelle, la porte a une fonction tr\u00e8s concr\u00e8te : elle aide l\u2019enfant \u00e0 <strong>reconna\u00eetre sa classe<\/strong> dans un couloir o\u00f9 toutes les portes se ressemblent. La lisibilit\u00e9 prime donc sur le raffinement. On privil\u00e9gie de grandes formes, des couleurs franches, et surtout des rep\u00e8res que l\u2019enfant sait d\u00e9coder m\u00eame s\u2019il ne lit pas encore.<\/p>\n<ul class=\"wp-block-list\"><li><strong>Le pr\u00e9nom en tr\u00e8s grandes lettres<\/strong>, associ\u00e9 \u00e0 une photo de l\u2019enfant ou \u00e0 un symbole qui lui est propre.<\/li><li><strong>Un th\u00e8me animalier ou floral<\/strong> : chenille dont chaque anneau porte un pr\u00e9nom, arbre dont chaque feuille est une empreinte de main.<\/li><li><strong>Des mati\u00e8res \u00e0 toucher<\/strong> : papier cr\u00e9pon froiss\u00e9, coton, feutrine \u2014 la porte devient aussi un support sensoriel.<\/li><li><strong>Une hauteur pens\u00e9e pour eux<\/strong> : les \u00e9l\u00e9ments personnels plac\u00e9s bas, \u00e0 hauteur de regard d\u2019un enfant de trois ans.<\/li><\/ul>\n<p class=\"wp-block-paragraph\">La d\u00e9coupe et l\u2019assemblage restent \u00e0 la charge de l\u2019adulte. La part de l\u2019enfant, c\u2019est la couleur : peinture au doigt, collage libre, empreinte. C\u2019est suffisant pour qu\u2019il se dise \u00ab c\u2019est moi qui l\u2019ai fait \u00bb, ce qui est tout l\u2019enjeu de la premi\u00e8re semaine.<\/p>\n<h3 class=\"wp-block-heading\">D\u00e9coration de porte de classe pour la rentr\u00e9e en CP<\/h3>\n<p class=\"wp-block-paragraph\">Le CP est l\u2019ann\u00e9e de l\u2019entr\u00e9e dans la lecture, et la porte peut le dire. Ici, on passe du symbole au <strong>mot \u00e9crit<\/strong> : les pr\u00e9noms sont lisibles, en lettres capitales bien form\u00e9es, et l\u2019on peut ajouter du vocabulaire que la classe rencontrera dans l\u2019ann\u00e9e.<\/p>\n<ul class=\"wp-block-list\"><li><strong>Le th\u00e8me des livres<\/strong> : une biblioth\u00e8que en papier o\u00f9 chaque livre porte le pr\u00e9nom d\u2019un \u00e9l\u00e8ve sur sa tranche.<\/li><li><strong>L\u2019alphabet en frise<\/strong> autour du chambranle, chaque lettre illustr\u00e9e par un dessin d\u2019\u00e9l\u00e8ve.<\/li><li><strong>Le train ou la fus\u00e9e<\/strong> qui \u00ab d\u00e9colle \u00bb vers la lecture, avec un wagon ou un hublot par enfant.<\/li><li><strong>Un mot d\u2019accueil \u00e9crit \u00e0 la main<\/strong> par les \u00e9l\u00e8ves eux-m\u00eames, m\u00eame maladroitement : c\u2019est la premi\u00e8re trace \u00e9crite affich\u00e9e de l\u2019ann\u00e9e.<\/li><\/ul>\n<p class=\"wp-block-paragraph\">\u00c0 ce niveau, l\u2019enfant peut d\u00e9couper avec des ciseaux \u00e0 bouts ronds, coller seul et \u00e9crire son pr\u00e9nom. Pr\u00e9voyez le gabarit, laissez-lui l\u2019ex\u00e9cution. La porte finie sera moins nette qu\u2019une porte d\u2019adulte \u2014 c\u2019est pr\u00e9cis\u00e9ment ce qui la rend cr\u00e9dible aux yeux des familles.<\/p>\n<h3 class=\"wp-block-heading\">D\u00e9coration de porte de classe pour la rentr\u00e9e en CE2 et en cycle 3<\/h3>\n<p class=\"wp-block-paragraph\">\u00c0 partir du CE2, l\u2019enseignant peut l\u00e2cher la barre. Les \u00e9l\u00e8ves sont capables de <strong>concevoir la porte eux-m\u00eames<\/strong>, de la premi\u00e8re id\u00e9e au montage. La d\u00e9coration devient alors un projet de classe \u00e0 part enti\u00e8re, avec un vrai b\u00e9n\u00e9fice : la coh\u00e9sion se construit en la fabriquant, pas en la regardant.<\/p>\n<ul class=\"wp-block-list\"><li><strong>Un vote sur le th\u00e8me<\/strong> en d\u00e9but de semaine : chaque groupe propose une id\u00e9e, la classe tranche.<\/li><li><strong>Des r\u00f4les r\u00e9partis<\/strong> : le fond, le lettrage, les portraits, le montage. Chacun tient une responsabilit\u00e9 identifi\u00e9e.<\/li><li><strong>Des th\u00e8mes plus ambitieux<\/strong> : carte du monde avec un drapeau ou un lieu par \u00e9l\u00e8ve, frise historique, syst\u00e8me solaire, plan de ville imaginaire.<\/li><li><strong>Un lettrage soign\u00e9<\/strong> r\u00e9alis\u00e9 \u00e0 la r\u00e8gle ou au pochoir maison, qui fait travailler la mesure et la g\u00e9om\u00e9trie sans en avoir l\u2019air.<\/li><\/ul>\n<p class=\"wp-block-paragraph\">Un conseil qui vaut pour tout le cycle 3 : r\u00e9servez une bande libre en bas de la porte. Elle servira \u00e0 afficher au fil de l\u2019ann\u00e9e les productions dont la classe est fi\u00e8re. La porte cesse d\u2019\u00eatre une d\u00e9coration fig\u00e9e et devient un support vivant.<\/p>\n<h2 class=\"wp-block-heading\" id=\"mpt-fondamentaux\">Les fondamentaux pour une d\u00e9coration r\u00e9ussie<\/h2>\n<p class=\"wp-block-paragraph\">Avant de se lancer dans la cr\u00e9ation de d\u00e9corations, il est essentiel d&rsquo;\u00e9tablir un plan. Consid\u00e9rez l\u2019espace que vous souhaitez d\u00e9corer, qu&rsquo;il s&rsquo;agisse d&rsquo;une salle de classe, d&rsquo;un coin \u00e9tude \u00e0 domicile ou de l&rsquo;entr\u00e9e de la maison. <strong>Planifiez les th\u00e8mes<\/strong> et les couleurs qui vont dominer cet espace afin de cr\u00e9er une coh\u00e9rence visuelle.<\/p>\n<h3 class=\"wp-block-heading\">Choisir un th\u00e8me attractif<\/h3>\n<p class=\"wp-block-paragraph\">Les th\u00e8mes peuvent rendre la d\u00e9coration ludique. Ils peuvent \u00eatre inspir\u00e9s par la nature, l&rsquo;espace, ou m\u00eame des personnages de contes populaires. Un bon th\u00e8me se reconna\u00eet \u00e0 un crit\u00e8re simple : il doit pouvoir se d\u00e9cliner \u00e0 la fois sur la porte, sur les affichages et sur les \u00e9tiquettes de rangement, sans effort suppl\u00e9mentaire. Voici quelques exemples de th\u00e8mes :<\/p>\n<ul class=\"wp-block-list\"><li><strong>Nature : <\/strong> Int\u00e9grer des \u00e9l\u00e9ments naturels comme des plantes, du faux lierre ou des papiers aux motifs floraux.<\/li><li><strong>Espace : <\/strong> Utiliser des \u00e9toiles et des plan\u00e8tes pour stimuler l&rsquo;imaginaire des enfants lors de leur apprentissage.<\/li><li><strong>Contes de f\u00e9es : <\/strong> D\u00e9corer la classe avec des illustrations de personnages de contes pour \u00e9veiller la cr\u00e9ativit\u00e9.<\/li><\/ul>\n<p class=\"wp-block-paragraph\">Pensez \u00e0 ce que les enfants aiment et \u00e0 ce qui peut les inspirer pendant l\u2019ann\u00e9e scolaire. Inspir\u00e9 par un th\u00e8me, vous pourrez alors d\u00e9cider des couleurs \u00e0 utiliser. Les couleurs vives comme le jaune, le bleu et le vert sont excellentes pour dynamiser une pi\u00e8ce, tandis que des teintes plus douces peuvent apporter une ambiance apaisante.<\/p>\n<h3 class=\"wp-block-heading\">Les outils et mat\u00e9riaux \u00e0 pr\u00e9voir<\/h3>\n<p class=\"wp-block-paragraph\">Apr\u00e8s avoir d\u00e9fini votre th\u00e8me et vos couleurs, rassemblez les outils n\u00e9cessaires. Voici une liste de fournitures qui pourront vous aider dans cette aventure cr\u00e9ative :<\/p>\n<ul class=\"wp-block-list\"><li>Colles (colle blanche, pistolet \u00e0 colle)<\/li><li>Ciseaux de diff\u00e9rentes tailles<\/li><li>Papiers cr\u00e9atifs ou \u00e0 motifs<\/li><li>Panneaux en carton \u00e0 d\u00e9corer<\/li><li>\u00c9l\u00e9ments de d\u00e9coration r\u00e9cup\u00e9r\u00e9s (bouchons, bo\u00eetes, vieux jouets)<\/li><li>Peinture acrylique et pinceaux<\/li><li>Ruban de masquage, qui se retire sans marquer la peinture d\u2019une porte<\/li><\/ul>\n<p class=\"wp-block-paragraph\">Ces mat\u00e9riaux sont non seulement \u00e9conomiques, mais permettent aussi d&rsquo;adopter une approche <strong>\u00e9co-responsable<\/strong> en utilisant des objets de r\u00e9cup\u00e9rations. Parfait pour donner une seconde vie \u00e0 des objets que vous auriez sinon jet\u00e9s.<\/p>\n<h3 class=\"wp-block-heading\">Tableau r\u00e9capitulatif des th\u00e9matiques d\u00e9coratives<\/h3>\n<figure class=\"wp-block-table\"><table>\n<thead>\n<tr>\n<th>Th\u00e8me<\/th>\n<th>Description<\/th>\n<th>\u00c9l\u00e9ments de d\u00e9coration<\/th>\n<th>D\u00e9clinaison sur la porte<\/th>\n<\/tr>\n<\/thead>\n<tbody>\n<tr>\n<td>Nature<\/td>\n<td>\u00c9l\u00e9ments inspir\u00e9s de la faune et de la flore.<\/td>\n<td>Faux lierre, guirlandes florales, affiches de paysages.<\/td>\n<td>Un arbre, une feuille par \u00e9l\u00e8ve.<\/td>\n<\/tr>\n<tr>\n<td>Espace<\/td>\n<td>Exploration des \u00e9toiles et plan\u00e8tes.<\/td>\n<td>\u00c9toiles phosphorescentes, posters spatiaux, mobiles de plan\u00e8tes.<\/td>\n<td>Une fus\u00e9e, une \u00e9toile par \u00e9l\u00e8ve.<\/td>\n<\/tr>\n<tr>\n<td>Contes de f\u00e9es<\/td>\n<td>Personnages et lieux de contes populaires.<\/td>\n<td>Affiches de contes, bricolages de personnages, fresques murales.<\/td>\n<td>Un ch\u00e2teau, une fen\u00eatre par \u00e9l\u00e8ve.<\/td>\n<\/tr>\n<\/tbody>\n<\/table><\/figure>\n<figure class=\"is-provider-youtube is-type-video wp-block-embed wp-block-embed-youtube wp-embed-aspect-16-9 wp-has-aspect-ratio\"><div class=\"wp-block-embed__wrapper\">\n<iframe loading=\"lazy\" title=\"Cute birthday card idea #craft #bricolage #idea #id\u00e9e #cute #mimicraft #MIMIcraft28\" width=\"1200\" height=\"675\" src=\"https:\/\/www.youtube.com\/embed\/qeivuzX9hW0?feature=oembed\" frameborder=\"0\" allow=\"accelerometer; autoplay; clipboard-write; encrypted-media; gyroscope; picture-in-picture; web-share\" referrerpolicy=\"strict-origin-when-cross-origin\" allowfullscreen><\/iframe>\n<\/div><\/figure>\n<h2 class=\"wp-block-heading\" id=\"mpt-classe\">Cr\u00e9er une ambiance accueillante en classe, au-del\u00e0 de la porte<\/h2>\n<p class=\"wp-block-paragraph\">Une d\u00e9coration r\u00e9ussie contribue \u00e0 rendre l\u2019espace de travail agr\u00e9able. Les enfants passent des heures dans leur salle de classe, il est donc important d\u2019y instaurer une ambiance chaleureuse. Une fois la porte termin\u00e9e, le m\u00eame th\u00e8me se prolonge naturellement \u00e0 l\u2019int\u00e9rieur : le mobilier, les couleurs et les petites touches d\u00e9coratives jouent alors un r\u00f4le majeur.<\/p>\n<h3 class=\"wp-block-heading\">Le coin lecture, premier espace \u00e0 installer<\/h3>\n<p class=\"wp-block-paragraph\">C\u2019est le seul endroit de la classe o\u00f9 l\u2019on s\u2019assoit autrement, et cela suffit \u00e0 le rendre d\u00e9sirable. Un tapis, quelques coussins et une \u00e9tag\u00e8re basse dont les couvertures sont visibles de face \u2014 pas de tranche \u2014 changent le rapport au livre. D\u00e9limitez-le nettement, par un tapis ou un simple ruban au sol : la fronti\u00e8re visuelle fait la moiti\u00e9 du travail. Une <a href=\"https:\/\/mapetitetouche.fr\/blog\/decoration-interieure\/comment-creer-une-couronne-de-fleurs-pour-votre-porte\/\">couronne de fleurs suspendue au mur<\/a> au-dessus de l\u2019\u00e9tag\u00e8re signale l\u2019endroit de loin et reprend le th\u00e8me choisi pour la porte.<\/p>\n<h3 class=\"wp-block-heading\">Des affichages qui servent toute l\u2019ann\u00e9e<\/h3>\n<p class=\"wp-block-paragraph\">La diff\u00e9rence entre une classe d\u00e9cor\u00e9e et une classe encombr\u00e9e tient \u00e0 un principe : chaque affichage doit servir \u00e0 quelque chose. Le calendrier, la m\u00e9t\u00e9o du jour, les responsabilit\u00e9s, l\u2019alphabet, la frise num\u00e9rique \u2014 voil\u00e0 des supports que les \u00e9l\u00e8ves consultent r\u00e9ellement. Laissez volontairement des surfaces vides en septembre : elles accueilleront les productions des enfants, et une classe qui se remplit au fil des semaines raconte mieux l\u2019ann\u00e9e qu\u2019une classe pleine d\u00e8s le premier jour.<\/p>\n<h3 class=\"wp-block-heading\">Les rituels du premier jour<\/h3>\n<p class=\"wp-block-paragraph\">La d\u00e9coration prend tout son sens si elle sert le premier jour. Quelques rituels simples s\u2019y appuient directement : chaque enfant trouve son \u00e9tiquette-pr\u00e9nom sur sa table et la d\u00e9core ; la classe compl\u00e8te ensemble l\u2019\u00e9l\u00e9ment manquant de la porte ; un mur des \u00ab objectifs de l\u2019ann\u00e9e \u00bb recueille une phrase par \u00e9l\u00e8ve. Ces gestes prennent peu de temps et donnent une raison d\u2019\u00eatre \u00e0 tout ce que vous avez pr\u00e9par\u00e9.<\/p>\n<h3 class=\"wp-block-heading\">Miser sur des couleurs dynamiques<\/h3>\n<p class=\"wp-block-paragraph\">Les couleurs dans un environnement scolaire doivent \u00eatre choisies avec soin. Elles peuvent influencer l&rsquo;humeur et la concentration des enfants. Par exemple, les teintes vertes sont souvent associ\u00e9es \u00e0 la paix et la tranquillit\u00e9, tandis que le jaune v\u00e9hicule la joie et le dynamisme. Une r\u00e8gle pratique : deux couleurs dominantes et une couleur d\u2019accent suffisent pour toute la salle, sinon l\u2019ensemble devient bruyant.<\/p>\n<h3 class=\"wp-block-heading\">Cr\u00e9ez des espaces d\u00e9di\u00e9s<\/h3>\n<p class=\"wp-block-paragraph\">Am\u00e9nager diff\u00e9rents espaces dans une classe permet d&rsquo;encourager l\u2019interaction et le travail de groupe. Voici quelques id\u00e9es :<\/p>\n<ul class=\"wp-block-list\"><li><strong>Coin lecture :<\/strong> Installez des coussins color\u00e9s et des \u00e9tag\u00e8res de livres.<\/li><li><strong>Zone cr\u00e9ative :<\/strong> Un espace d\u00e9di\u00e9 \u00e0 l\u2019art avec des tables et des mat\u00e9riaux divers.<\/li><li><strong>Tableau d&rsquo;affichage :<\/strong> Pour exposer le travail des \u00e9l\u00e8ves et les projets.<\/li><li><strong>Coin calme :<\/strong> Un espace de retrait, avec un fauteuil ou un simple coussin, pour souffler quelques minutes.<\/li><\/ul>\n<p class=\"wp-block-paragraph\">Ces zones favorisent l\u2019engagement et l\u2019apprentissage interactif. En ajoutant des \u00e9l\u00e9ments naturels comme des plantes, vous pouvez \u00e9galement cr\u00e9er une atmosph\u00e8re plus apaisante \u2014 \u00e0 condition de confier leur arrosage \u00e0 un \u00e9l\u00e8ve responsable, ce qui en fait un rituel de plus.<\/p>\n<h3 class=\"wp-block-heading\">Tableau des \u00e9l\u00e9ments de d\u00e9coration d&rsquo;une classe<\/h3>\n<figure class=\"wp-block-table\"><table>\n<thead>\n<tr>\n<th>\u00c9l\u00e9ment<\/th>\n<th>Impact<\/th>\n<th>Suggestions de d\u00e9coration<\/th>\n<\/tr>\n<\/thead>\n<tbody>\n<tr>\n<td>Couleurs<\/td>\n<td>Influencent l&rsquo;humeur et la concentration<\/td>\n<td>Panneaux color\u00e9s, affiches<\/td>\n<\/tr>\n<tr>\n<td>Plantes<\/td>\n<td>Apportent de la s\u00e9r\u00e9nit\u00e9 et un rituel d\u2019entretien<\/td>\n<td>Plantes en pots, d\u00e9corations fleuries<\/td>\n<\/tr>\n<tr>\n<td>Coin lecture<\/td>\n<td>Encourage la lecture et l\u2019engagement<\/td>\n<td>Coussins, tapis, \u00e9tag\u00e8res de livres<\/td>\n<\/tr>\n<tr>\n<td>Porte de classe<\/td>\n<td>Identifie le groupe et accueille les familles<\/td>\n<td>Fond papier, motif central, un \u00e9l\u00e9ment par \u00e9l\u00e8ve<\/td>\n<\/tr>\n<\/tbody>\n<\/table><\/figure>\n<figure class=\"wp-block-embed is-type-video is-provider-tiktok wp-block-embed-tiktok\"><div class=\"wp-block-embed__wrapper\">\n<blockquote class=\"tiktok-embed\" cite=\"https:\/\/www.tiktok.com\/@ashleymariesavage_\/video\/7475403005739699499\" data-video-id=\"7475403005739699499\" data-embed-from=\"oembed\" style=\"max-width:605px; min-width:325px;\"> <section> <a target=\"_blank\" title=\"@ashleymariesavage_\" href=\"https:\/\/www.tiktok.com\/@ashleymariesavage_?refer=embed\" rel=\"nofollow\">@ashleymariesavage_<\/a> <p>\ud83d\udc30DIY Topiary Bunny\ud83d\udc30 this one was so fun to make and turned out so cute! If you are wanting the topiary bunny, you can definitely DIY one! When cutting the moss and gluing on the foam ball, you definitely want to cut it into smaller squares!  <a title=\"easterbunny\" target=\"_blank\" href=\"https:\/\/www.tiktok.com\/tag\/easterbunny?refer=embed\" rel=\"nofollow\">#easterbunny<\/a> <a title=\"easter\" target=\"_blank\" href=\"https:\/\/www.tiktok.com\/tag\/easter?refer=embed\" rel=\"nofollow\">#easter<\/a> <a title=\"diydecor\" target=\"_blank\" href=\"https:\/\/www.tiktok.com\/tag\/diydecor?refer=embed\" rel=\"nofollow\">#diydecor<\/a> <a title=\"diycrafts\" target=\"_blank\" href=\"https:\/\/www.tiktok.com\/tag\/diycrafts?refer=embed\" rel=\"nofollow\">#diycrafts<\/a> <a title=\"easterideas\" target=\"_blank\" href=\"https:\/\/www.tiktok.com\/tag\/easterideas?refer=embed\" rel=\"nofollow\">#easterideas<\/a> <a title=\"eastertok\" target=\"_blank\" href=\"https:\/\/www.tiktok.com\/tag\/eastertok?refer=embed\" rel=\"nofollow\">#eastertok<\/a> <a title=\"easterdecor\" target=\"_blank\" href=\"https:\/\/www.tiktok.com\/tag\/easterdecor?refer=embed\" rel=\"nofollow\">#easterdecor<\/a> <\/p> <a target=\"_blank\" title=\"\u266c Sixty Second Commercial 1 by Michael Reynolds - malcolm\" href=\"https:\/\/www.tiktok.com\/music\/Sixty-Second-Commercial-1-by-Michael-Reynolds-6922637529569168133?refer=embed\" rel=\"nofollow\">\u266c Sixty Second Commercial 1 by Michael Reynolds &#8211; malcolm<\/a> <\/section> <\/blockquote> <script async src=\"https:\/\/www.tiktok.com\/embed.js\"><\/script>\n<\/div><\/figure>\n<h2 class=\"wp-block-heading\" id=\"mpt-fournitures\">Techniques de personnalisation des fournitures scolaires<\/h2>\n<p class=\"wp-block-paragraph\">Un moyen efficace de rendre la rentr\u00e9e scolaire plus excitante est de <strong>personnaliser les fournitures scolaires<\/strong> des enfants. Cela les aide \u00e0 s\u2019approprier leurs affaires et \u00e0 \u00e9viter les pertes. Les enfants retrouveront plus facilement leurs cahiers ou stylos s\u2019ils sont d\u00e9cor\u00e9s \u00e0 leur go\u00fbt. Voici quelques techniques pour donner vie \u00e0 leur mat\u00e9riel.<\/p>\n<h3 class=\"wp-block-heading\">Customisation des cahiers et livres<\/h3>\n<p class=\"wp-block-paragraph\">Personnaliser des cahiers est une activit\u00e9 simple et amusante. Il suffit de quelques fournitures pour transformer des objets ordinaires en \u0153uvres uniques. Voici comment proc\u00e9der :<\/p>\n<ul class=\"wp-block-list\"><li>Utiliser des papiers \u00e0 motifs pour recouvrir la couverture.<\/li><li>Ajouter des \u00e9tiquettes personnalis\u00e9es avec le nom de l\u2019enfant.<\/li><li>Coller des stickers repr\u00e9sentant les passions de l\u2019enfant (animaux, voitures, etc.).<\/li><li>Reprendre le code couleur du th\u00e8me de la classe, pour que le cahier et la porte se r\u00e9pondent.<\/li><\/ul>\n<p class=\"wp-block-paragraph\">Chaque enfant peut ainsi avoir des cahiers qui non seulement les repr\u00e9sentent mais aussi leur apportent de la joie chaque jour de l&rsquo;\u00e9cole. Cela favorise \u00e9galement leur envie d&rsquo;utiliser ces outils d&rsquo;apprentissage ! Si vous d\u00e9couvrez ces techniques, <a href=\"https:\/\/mapetitetouche.fr\/blog\/decoration-interieure\/les-essentiels-pour-commencer-le-diy\/\">les essentiels pour commencer le DIY<\/a> vous \u00e9viteront quelques achats inutiles.<\/p>\n<h3 class=\"wp-block-heading\">Cr\u00e9er un calendrier fait maison<\/h3>\n<p class=\"wp-block-paragraph\">Un calendrier personnalis\u00e9 est une excellente activit\u00e9 \u00e0 faire avec l\u2019enfant. Il peut l\u2019aider \u00e0 mieux s\u2019organiser tout en distribuant de la joie \u00e0 chaque mois de l\u2019ann\u00e9e. En classe, il devient un affichage utile plut\u00f4t qu\u2019un simple d\u00e9cor. Voici comment r\u00e9aliser un calendrier :<\/p>\n<ul class=\"wp-block-list\"><li>Choisir des papiers color\u00e9s pour les pages du calendrier.<\/li><li>Ins\u00e9rer des illustrations ou photos pr\u00e9f\u00e9r\u00e9es pour chaque mois.<\/li><li>Ajouter des espaces pour \u00e9crire des anniversaires et \u00e9v\u00e9nements importants.<\/li><\/ul>\n<p class=\"wp-block-paragraph\">C\u2019est une fa\u00e7on tr\u00e8s efficace pour les enfants d\u2019apprendre \u00e0 g\u00e9rer leur emploi du temps et reste une belle d\u00e9coration dans la chambre ou sur le bureau. La cr\u00e9ation de ce calendrier est \u00e9galement une occasion d\u2019exprimer leur cr\u00e9ativit\u00e9. Pour aller plus loin, le <a href=\"https:\/\/mapetitetouche.fr\/blog\/decoration-interieure\/guide-complet-pour-reussir-vos-projets-diy\/\">guide complet pour r\u00e9ussir vos projets DIY<\/a> d\u00e9taille la m\u00e9thode pas \u00e0 pas.<\/p>\n<h3 class=\"wp-block-heading\">Tableau des fournitures personnalis\u00e9es<\/h3>\n<figure class=\"wp-block-table\"><table>\n<thead>\n<tr>\n<th>Objet<\/th>\n<th>Technique de personnalisation<\/th>\n<th>Mat\u00e9riaux n\u00e9cessaires<\/th>\n<\/tr>\n<\/thead>\n<tbody>\n<tr>\n<td>Cahier<\/td>\n<td>Recouvrement avec des papiers \u00e0 motifs<\/td>\n<td>Papiers, colle, ciseaux, stickers<\/td>\n<\/tr>\n<tr>\n<td>Pot \u00e0 crayons<\/td>\n<td>Cr\u00e9ation d&rsquo;un pot d\u00e9coratif<\/td>\n<td>B\u00e2tonnets en bois, peinture, colle<\/td>\n<\/tr>\n<tr>\n<td>Marque-page<\/td>\n<td>Confection de marque-pages personnalis\u00e9s<\/td>\n<td>Feutrine, fil, ciseaux<\/td>\n<\/tr>\n<tr>\n<td>\u00c9tiquette-pr\u00e9nom<\/td>\n<td>D\u00e9coupe au gabarit du th\u00e8me de la classe<\/td>\n<td>Papier \u00e9pais, feutres, ruban adh\u00e9sif<\/td>\n<\/tr>\n<\/tbody>\n<\/table><\/figure>\n<figure class=\"is-provider-youtube is-type-video wp-block-embed wp-block-embed-youtube wp-embed-aspect-16-9 wp-has-aspect-ratio\"><div class=\"wp-block-embed__wrapper\">\n<iframe loading=\"lazy\" title=\"ASTUCES ET BRICOLAGES POUR LA RENTR\u00c9E \ud83d\ude31 #shorts\" width=\"1200\" height=\"675\" src=\"https:\/\/www.youtube.com\/embed\/_tKUVReWA9s?feature=oembed\" frameborder=\"0\" allow=\"accelerometer; autoplay; clipboard-write; encrypted-media; gyroscope; picture-in-picture; web-share\" referrerpolicy=\"strict-origin-when-cross-origin\" allowfullscreen><\/iframe>\n<\/div><\/figure>\n<h2 class=\"wp-block-heading\" id=\"mpt-budget\">Astuces pour un budget ma\u00eetris\u00e9<\/h2>\n<p class=\"wp-block-paragraph\">Il est possible de r\u00e9aliser des d\u00e9corations peu co\u00fbteuses tout en pr\u00e9servant une touche esth\u00e9tique s\u00e9duisante. Gr\u00e2ce \u00e0 quelques astuces et \u00e0 de la cr\u00e9ativit\u00e9, vous pouvez transformer une pi\u00e8ce sans y investir des sommes consid\u00e9rables. C\u2019est d\u2019autant plus vrai pour une porte de classe, dont l\u2019essentiel du mat\u00e9riel \u2014 papier, colle, peinture \u2014 figure d\u00e9j\u00e0 dans l\u2019armoire de l\u2019\u00e9cole.<\/p>\n<h3 class=\"wp-block-heading\">Utiliser des mat\u00e9riaux recycl\u00e9s<\/h3>\n<p class=\"wp-block-paragraph\">Le recyclage est une excellente mani\u00e8re de diminuer les co\u00fbts tout en cr\u00e9ant des objets uniques. Pensez \u00e0 des \u00e9l\u00e9ments du quotidien comme :<\/p>\n<ul class=\"wp-block-list\"><li>Des bo\u00eetes de chaussures pour cr\u00e9er des rangements \u00e9l\u00e9gants.<\/li><li>Des bouteilles en plastique pour r\u00e9aliser des objets d\u2019art.<\/li><li>Des vieux v\u00eatements ou draps pour faire des coussins ou des rideaux.<\/li><li>Des chutes de papier peint ou de papier cadeau pour habiller le fond d\u2019une porte.<\/li><\/ul>\n<p class=\"wp-block-paragraph\">Ces items permettent non seulement de r\u00e9duire les d\u00e9penses mais aussi d\u2019\u00e9veiller une conscience \u00e9cologique chez les enfants. La d\u00e9marche rejoint d\u2019ailleurs celle que l\u2019on suit pour <a href=\"https:\/\/mapetitetouche.fr\/blog\/decoration-interieure\/comment-creer-une-decoration-dinterieur-unique\/\">cr\u00e9er une d\u00e9coration d\u2019int\u00e9rieur unique<\/a> \u00e0 la maison : partir de ce que l\u2019on a d\u00e9j\u00e0.<\/p>\n<h3 class=\"wp-block-heading\">Organiser des ateliers cr\u00e9atifs<\/h3>\n<p class=\"wp-block-paragraph\">Encouragez les enfants \u00e0 participer \u00e0 la fabrication de la d\u00e9coration. Cela renforce le lien entre eux et rend les \u00e9l\u00e9ments cr\u00e9\u00e9s encore plus sp\u00e9ciaux. Voici des activit\u00e9s \u00e0 envisager :<\/p>\n<ul class=\"wp-block-list\"><li>Atelier de peinture pour d\u00e9corer des pots ou des panneaux.<\/li><li>Confection de guirlandes avec des collages de papier.<\/li><li>Cours de bricolage pour transformer des objets de recyclage en art.<\/li><li>S\u00e9ance collective de montage de la porte, en fin de premi\u00e8re semaine.<\/li><\/ul>\n<p class=\"wp-block-paragraph\">Ces exp\u00e9riences partag\u00e9es renforcent la coh\u00e9sion et apportent une dimension sociale \u00e0 la d\u00e9coration.<\/p>\n<h3 class=\"wp-block-heading\">Tableau des astuces pour une d\u00e9coration \u00e0 petit prix<\/h3>\n<figure class=\"wp-block-table\"><table>\n<thead>\n<tr>\n<th>Astuce<\/th>\n<th>Exemple d&rsquo;application<\/th>\n<\/tr>\n<\/thead>\n<tbody>\n<tr>\n<td>Utiliser des mat\u00e9riaux recycl\u00e9s<\/td>\n<td>Cr\u00e9er des rangements en bo\u00eetes de c\u00e9r\u00e9ales<\/td>\n<\/tr>\n<tr>\n<td>Ateliers cr\u00e9atifs<\/td>\n<td>Organiser des s\u00e9ances de bricolage avec les \u00e9l\u00e8ves<\/td>\n<\/tr>\n<tr>\n<td>Chiner en brocante<\/td>\n<td>Acheter des objets vintage pour le coin lecture<\/td>\n<\/tr>\n<tr>\n<td>R\u00e9employer d\u2019une ann\u00e9e sur l\u2019autre<\/td>\n<td>Conserver les gabarits de d\u00e9coupe de la porte<\/td>\n<\/tr>\n<\/tbody>\n<\/table><\/figure>\n<div class=\"mpt-listicle-keep\">\n<span class=\"mpt-listicle-kicker\" style=\"color:#FFB185\">Synth\u00e8se<\/span>\n<div class=\"mpt-listicle-ttl\">\u00c0 retenir<\/div>\n<ul>\n<li><strong>La porte d\u2019abord.<\/strong> C\u2019est la d\u00e9coration la plus visible et la plus f\u00e9d\u00e9ratrice : fond, motif central, un \u00e9l\u00e9ment par \u00e9l\u00e8ve.<\/li>\n<li><strong>Adaptez au niveau.<\/strong> L\u2019adulte ex\u00e9cute en maternelle, l\u2019enfant participe au CP, la classe con\u00e7oit en cycle 3.<\/li>\n<li><strong>Un seul th\u00e8me<\/strong> d\u00e9clin\u00e9 sur la porte, les affichages et les \u00e9tiquettes : c\u2019est ce qui donne une impression de classe pens\u00e9e.<\/li>\n<li><strong>Laissez du vide en septembre.<\/strong> Les murs se remplissent des productions des \u00e9l\u00e8ves au fil de l\u2019ann\u00e9e.<\/li>\n<li><strong>R\u00e9cup\u00e9ration avant achat.<\/strong> Papier, carton, chutes de tissu et gabarits r\u00e9utilis\u00e9s couvrent l\u2019essentiel des besoins.<\/li>\n<\/ul>\n<\/div>\n<h2 class=\"wp-block-heading\" id=\"mpt-faq\">Questions fr\u00e9quentes sur la d\u00e9coration de la rentr\u00e9e scolaire<\/h2>\n<div class=\"mpt-listicle-faq\">\n<details>\n<summary>Comment faire une d\u00e9coration de porte de classe pour la rentr\u00e9e scolaire ?<\/summary>\n<div class=\"mpt-listicle-txt\">Habillez la porte d\u2019un fond en papier fix\u00e9 au ruban de masquage, ajoutez un motif central li\u00e9 \u00e0 votre th\u00e8me, puis un \u00e9l\u00e9ment personnalis\u00e9 par \u00e9l\u00e8ve (pr\u00e9nom, forme d\u00e9coup\u00e9e, photo). Pr\u00e9voyez le lettrage du nom de la classe et gardez une bande libre en bas pour afficher les productions de l\u2019ann\u00e9e.<\/div>\n<\/details>\n<details>\n<summary>Quelle d\u00e9coration de porte de classe pour la rentr\u00e9e en maternelle ?<\/summary>\n<div class=\"mpt-listicle-txt\">Privil\u00e9giez de grandes formes tr\u00e8s lisibles et des rep\u00e8res que l\u2019enfant d\u00e9code sans savoir lire : pr\u00e9nom en capitales, photo, symbole personnel. Chenille de pr\u00e9noms, arbre d\u2019empreintes de mains et mati\u00e8res \u00e0 toucher fonctionnent bien. La d\u00e9coupe reste \u00e0 la charge de l\u2019adulte, la couleur revient \u00e0 l\u2019enfant.<\/div>\n<\/details>\n<details>\n<summary>Quelle d\u00e9coration de porte de classe pour la rentr\u00e9e en CP ?<\/summary>\n<div class=\"mpt-listicle-txt\">Le CP \u00e9tant l\u2019ann\u00e9e de l\u2019entr\u00e9e dans la lecture, appuyez la porte sur l\u2019\u00e9crit : biblioth\u00e8que en papier avec un livre par \u00e9l\u00e8ve, frise de l\u2019alphabet illustr\u00e9e, mot d\u2019accueil \u00e9crit par les enfants. \u00c0 cet \u00e2ge, l\u2019\u00e9l\u00e8ve peut d\u00e9couper, coller et \u00e9crire son pr\u00e9nom lui-m\u00eame.<\/div>\n<\/details>\n<details>\n<summary>Quelle d\u00e9coration de porte de classe pour la rentr\u00e9e en CE2 ?<\/summary>\n<div class=\"mpt-listicle-txt\">En CE2 et plus largement en cycle 3, faites-en un projet de classe : vote sur le th\u00e8me, r\u00f4les r\u00e9partis (fond, lettrage, portraits, montage) et th\u00e8mes plus ambitieux comme une carte du monde, une frise historique ou le syst\u00e8me solaire. Les \u00e9l\u00e8ves con\u00e7oivent et montent eux-m\u00eames.<\/div>\n<\/details>\n<details>\n<summary>Comment d\u00e9corer sa classe pour la rentr\u00e9e scolaire ?<\/summary>\n<div class=\"mpt-listicle-txt\">Apr\u00e8s la porte, installez le coin lecture, puis les affichages utiles (calendrier, responsabilit\u00e9s, frise num\u00e9rique) en gardant d\u00e9lib\u00e9r\u00e9ment des surfaces vides. Deux couleurs dominantes et une couleur d\u2019accent suffisent pour toute la salle, et le th\u00e8me de la porte se d\u00e9cline sur les \u00e9tiquettes de rangement.<\/div>\n<\/details>\n<details>\n<summary>Quelle d\u00e9coration pour la rentr\u00e9e scolaire en maternelle ?<\/summary>\n<div class=\"mpt-listicle-txt\">Misez sur le rep\u00e9rage et le sensoriel : porte tr\u00e8s lisible, \u00e9tiquettes-pr\u00e9noms avec photo sur les tables et les casiers, coin regroupement d\u00e9limit\u00e9 par un tapis, et mati\u00e8res vari\u00e9es \u00e0 manipuler. Les affichages sont plac\u00e9s \u00e0 hauteur de regard d\u2019enfant, pas d\u2019adulte.<\/div>\n<\/details>\n<\/div>\n<hr><div class=\"articles-lies\"><h3>\u00c0 lire aussi<\/h3><ul><li><a href=\"https:\/\/mapetitetouche.fr\/blog\/decoration-interieure\/comment-creer-une-decoration-dinterieur-unique\/\">Cr\u00e9er une d\u00e9coration d&rsquo;int\u00e9rieur unique<\/a><\/li><li><a href=\"https:\/\/mapetitetouche.fr\/blog\/decoration-interieure\/guide-complet-pour-reussir-vos-projets-diy\/\">R\u00e9ussir vos projets DIY : le guide complet<\/a><\/li><li><a href=\"https:\/\/mapetitetouche.fr\/blog\/decoration-interieure\/comment-creer-une-couronne-de-fleurs-pour-votre-porte\/\">Cr\u00e9er une couronne de fleurs pour la porte<\/a><\/li><li><a href=\"https:\/\/mapetitetouche.fr\/blog\/decoration-interieure\/les-essentiels-pour-commencer-le-diy\/\">Les essentiels pour commencer le DIY<\/a><\/li><\/ul><\/div>\n<\/div>\n","protected":false},"excerpt":{"rendered":"","protected":false},"author":34,"featured_media":7440,"comment_status":"open","ping_status":"open","sticky":false,"template":"","format":"standard","meta":{"_acf_changed":false,"manual_indexmenow":false,"indexmenow_id_project":0,"footnotes":""},"categories":[4520],"tags":[],"class_list":["post-7420","post","type-post","status-publish","format-standard","has-post-thumbnail","hentry","category-decoration-interieure","generate-columns","tablet-grid-50","mobile-grid-100","grid-parent","grid-25"],"acf":[],"yoast_head":"<!-- This site is optimized with the Yoast SEO Premium plugin v21.3 (Yoast SEO v26.5) - https:\/\/yoast.com\/wordpress\/plugins\/seo\/ -->\n<title>D\u00e9coration de porte de classe pour la rentr\u00e9e : id\u00e9es par niveau<\/title>\n<meta name=\"description\" content=\"D\u00e9coration de porte de classe pour la rentr\u00e9e scolaire : la m\u00e9thode en 3 \u00e9tapes, des id\u00e9es pour la maternelle, le CP et le CE2, et la d\u00e9co de la classe.\" \/>\n<meta name=\"robots\" content=\"index, follow, max-snippet:-1, max-image-preview:large, max-video-preview:-1\" \/>\n<link rel=\"canonical\" href=\"https:\/\/mapetitetouche.fr\/blog\/decoration-interieure\/realiser-des-decorations-pour-la-rentree-scolaire\/\" \/>\n<meta property=\"og:locale\" content=\"fr_FR\" \/>\n<meta property=\"og:type\" content=\"article\" \/>\n<meta property=\"og:title\" content=\"D\u00e9coration de porte de classe pour la rentr\u00e9e : id\u00e9es par niveau\" \/>\n<meta property=\"og:description\" content=\"D\u00e9coration de porte de classe pour la rentr\u00e9e scolaire : la m\u00e9thode en 3 \u00e9tapes, des id\u00e9es pour la maternelle, le CP et le CE2, et la d\u00e9co de la classe.\" \/>\n<meta property=\"og:url\" content=\"https:\/\/mapetitetouche.fr\/blog\/decoration-interieure\/realiser-des-decorations-pour-la-rentree-scolaire\/\" \/>\n<meta property=\"og:site_name\" content=\"mapetitetouche\" \/>\n<meta property=\"og:image\" content=\"https:\/\/mapetitetouche.fr\/blog\/wp-content\/uploads\/2025\/05\/sdxl-f2d01914fa9d950f9d2d57665643861f-scaled.png\" \/>\n\t<meta property=\"og:image:width\" content=\"1200\" \/>\n\t<meta property=\"og:image:height\" content=\"500\" \/>\n\t<meta property=\"og:image:type\" content=\"image\/png\" \/>\n<meta name=\"author\" content=\"Julien P.\" \/>\n<meta name=\"twitter:card\" content=\"summary_large_image\" \/>\n<script type=\"application\/ld+json\" class=\"yoast-schema-graph\">{\"@context\":\"https:\/\/schema.org\",\"@graph\":[{\"@type\":\"NewsArticle\",\"@id\":\"https:\/\/mapetitetouche.fr\/blog\/decoration-interieure\/realiser-des-decorations-pour-la-rentree-scolaire\/#article\",\"isPartOf\":{\"@id\":\"https:\/\/mapetitetouche.fr\/blog\/decoration-interieure\/realiser-des-decorations-pour-la-rentree-scolaire\/\"},\"author\":{\"name\":\"Julien P.\",\"@id\":\"https:\/\/mapetitetouche.fr\/blog\/#\/schema\/person\/3c864cdc320801e3db34b663e7e3f816\"},\"headline\":\"D\u00e9coration de porte de classe pour la rentr\u00e9e scolaire : id\u00e9es par niveau\",\"datePublished\":\"2026-08-31T07:41:35+00:00\",\"dateModified\":\"2026-08-31T07:42:06+00:00\",\"mainEntityOfPage\":{\"@id\":\"https:\/\/mapetitetouche.fr\/blog\/decoration-interieure\/realiser-des-decorations-pour-la-rentree-scolaire\/\"},\"wordCount\":3693,\"commentCount\":0,\"publisher\":{\"@id\":\"https:\/\/mapetitetouche.fr\/blog\/#organization\"},\"image\":{\"@id\":\"https:\/\/mapetitetouche.fr\/blog\/decoration-interieure\/realiser-des-decorations-pour-la-rentree-scolaire\/#primaryimage\"},\"thumbnailUrl\":\"https:\/\/mapetitetouche.fr\/blog\/wp-content\/uploads\/2025\/05\/sdxl-f2d01914fa9d950f9d2d57665643861f-scaled.png\",\"articleSection\":[\"D\u00e9coration Int\u00e9rieure\"],\"inLanguage\":\"fr-FR\",\"potentialAction\":[{\"@type\":\"CommentAction\",\"name\":\"Comment\",\"target\":[\"https:\/\/mapetitetouche.fr\/blog\/decoration-interieure\/realiser-des-decorations-pour-la-rentree-scolaire\/#respond\"]}]},{\"@type\":\"WebPage\",\"@id\":\"https:\/\/mapetitetouche.fr\/blog\/decoration-interieure\/realiser-des-decorations-pour-la-rentree-scolaire\/\",\"url\":\"https:\/\/mapetitetouche.fr\/blog\/decoration-interieure\/realiser-des-decorations-pour-la-rentree-scolaire\/\",\"name\":\"D\u00e9coration de porte de classe pour la rentr\u00e9e : id\u00e9es par niveau\",\"isPartOf\":{\"@id\":\"https:\/\/mapetitetouche.fr\/blog\/#website\"},\"primaryImageOfPage\":{\"@id\":\"https:\/\/mapetitetouche.fr\/blog\/decoration-interieure\/realiser-des-decorations-pour-la-rentree-scolaire\/#primaryimage\"},\"image\":{\"@id\":\"https:\/\/mapetitetouche.fr\/blog\/decoration-interieure\/realiser-des-decorations-pour-la-rentree-scolaire\/#primaryimage\"},\"thumbnailUrl\":\"https:\/\/mapetitetouche.fr\/blog\/wp-content\/uploads\/2025\/05\/sdxl-f2d01914fa9d950f9d2d57665643861f-scaled.png\",\"datePublished\":\"2026-08-31T07:41:35+00:00\",\"dateModified\":\"2026-08-31T07:42:06+00:00\",\"description\":\"D\u00e9coration de porte de classe pour la rentr\u00e9e scolaire : la m\u00e9thode en 3 \u00e9tapes, des id\u00e9es pour la maternelle, le CP et le CE2, et la d\u00e9co de la classe.\",\"inLanguage\":\"fr-FR\",\"potentialAction\":[{\"@type\":\"ReadAction\",\"target\":[\"https:\/\/mapetitetouche.fr\/blog\/decoration-interieure\/realiser-des-decorations-pour-la-rentree-scolaire\/\"]}]},{\"@type\":\"ImageObject\",\"inLanguage\":\"fr-FR\",\"@id\":\"https:\/\/mapetitetouche.fr\/blog\/decoration-interieure\/realiser-des-decorations-pour-la-rentree-scolaire\/#primaryimage\",\"url\":\"https:\/\/mapetitetouche.fr\/blog\/wp-content\/uploads\/2025\/05\/sdxl-f2d01914fa9d950f9d2d57665643861f-scaled.png\",\"contentUrl\":\"https:\/\/mapetitetouche.fr\/blog\/wp-content\/uploads\/2025\/05\/sdxl-f2d01914fa9d950f9d2d57665643861f-scaled.png\",\"width\":1200,\"height\":500},{\"@type\":\"WebSite\",\"@id\":\"https:\/\/mapetitetouche.fr\/blog\/#website\",\"url\":\"https:\/\/mapetitetouche.fr\/blog\/\",\"name\":\"mapetitetouche.fr\",\"description\":\"Ma Petite Touche, le DIY qui sublime votre quotidien\",\"publisher\":{\"@id\":\"https:\/\/mapetitetouche.fr\/blog\/#organization\"},\"alternateName\":\"Ma Petite Touche, le DIY qui sublime votre quotidien\",\"potentialAction\":[{\"@type\":\"SearchAction\",\"target\":{\"@type\":\"EntryPoint\",\"urlTemplate\":\"https:\/\/mapetitetouche.fr\/blog\/?s={search_term_string}\"},\"query-input\":{\"@type\":\"PropertyValueSpecification\",\"valueRequired\":true,\"valueName\":\"search_term_string\"}}],\"inLanguage\":\"fr-FR\"},{\"@type\":\"Organization\",\"@id\":\"https:\/\/mapetitetouche.fr\/blog\/#organization\",\"name\":\"Foretsensations.fr\",\"url\":\"https:\/\/mapetitetouche.fr\/blog\/\",\"logo\":{\"@type\":\"ImageObject\",\"inLanguage\":\"fr-FR\",\"@id\":\"https:\/\/mapetitetouche.fr\/blog\/#\/schema\/logo\/image\/\",\"url\":\"https:\/\/mapetitetouche.fr\/blog\/wp-content\/uploads\/2024\/12\/MaPetitetouche.png\",\"contentUrl\":\"https:\/\/mapetitetouche.fr\/blog\/wp-content\/uploads\/2024\/12\/MaPetitetouche.png\",\"width\":500,\"height\":500,\"caption\":\"Foretsensations.fr\"},\"image\":{\"@id\":\"https:\/\/mapetitetouche.fr\/blog\/#\/schema\/logo\/image\/\"}},{\"@type\":\"Person\",\"@id\":\"https:\/\/mapetitetouche.fr\/blog\/#\/schema\/person\/3c864cdc320801e3db34b663e7e3f816\",\"name\":\"Julien P.\",\"image\":{\"@type\":\"ImageObject\",\"inLanguage\":\"fr-FR\",\"@id\":\"https:\/\/mapetitetouche.fr\/blog\/#\/schema\/person\/image\/\",\"url\":\"https:\/\/mapetitetouche.fr\/blog\/wp-content\/uploads\/2026\/06\/persona_julien-p-96x96.jpg\",\"contentUrl\":\"https:\/\/mapetitetouche.fr\/blog\/wp-content\/uploads\/2026\/06\/persona_julien-p-96x96.jpg\",\"caption\":\"Julien P.\"},\"description\":\"Bricoleur et jardinier dans l'\u00e2me, j'\u00e9cris sur la maison et ses ext\u00e9rieurs avec les mains dans le cambouis plus que dans les th\u00e9ories. Mon terrain couvre tout l'habitat : le potager et le jardin au fil des saisons, mais aussi les petits travaux, la r\u00e9novation, le bricolage et les m\u00e9tiers du b\u00e2timent \u2014 toiture, isolation, menuiserie, serrurerie, ma\u00e7onnerie. J'aime expliquer un geste technique simplement, donner des fourchettes de prix r\u00e9alistes et les bons crit\u00e8res pour choisir un mat\u00e9riau ou un artisan. Je teste ce que je peux sur mes propres chantiers et au jardin avant d'en parler, je distingue la tradition de ce que confirme l'observation, et je pr\u00e9cise toujours le contexte \u2014 climat, type de sol, configuration du logement \u2014 parce qu'un m\u00eame conseil ne vaut pas partout. Mon but : rendre l'entretien et l'am\u00e9lioration de la maison accessibles, durables et \u00e9conomes.\",\"url\":\"https:\/\/mapetitetouche.fr\/blog\/auteur\/noname\/\",\"jobTitle\":\"R\u00e9dacteur en chef \u00b7 Maison, Jardin & Travaux\",\"knowsAbout\":[\"Maison\",\"Jardin\",\"Travaux\"],\"email\":\"julien.p@endirectdupotager.fr\"}]}<\/script>\n<!-- \/ Yoast SEO Premium plugin. -->","yoast_head_json":{"title":"D\u00e9coration de porte de classe pour la rentr\u00e9e : id\u00e9es par niveau","description":"D\u00e9coration de porte de classe pour la rentr\u00e9e scolaire : la m\u00e9thode en 3 \u00e9tapes, des id\u00e9es pour la maternelle, le CP et le CE2, et la d\u00e9co de la classe.","robots":{"index":"index","follow":"follow","max-snippet":"max-snippet:-1","max-image-preview":"max-image-preview:large","max-video-preview":"max-video-preview:-1"},"canonical":"https:\/\/mapetitetouche.fr\/blog\/decoration-interieure\/realiser-des-decorations-pour-la-rentree-scolaire\/","og_locale":"fr_FR","og_type":"article","og_title":"D\u00e9coration de porte de classe pour la rentr\u00e9e : id\u00e9es par niveau","og_description":"D\u00e9coration de porte de classe pour la rentr\u00e9e scolaire : la m\u00e9thode en 3 \u00e9tapes, des id\u00e9es pour la maternelle, le CP et le CE2, et la d\u00e9co de la classe.","og_url":"https:\/\/mapetitetouche.fr\/blog\/decoration-interieure\/realiser-des-decorations-pour-la-rentree-scolaire\/","og_site_name":"mapetitetouche","og_image":[{"width":1200,"height":500,"url":"https:\/\/mapetitetouche.fr\/blog\/wp-content\/uploads\/2025\/05\/sdxl-f2d01914fa9d950f9d2d57665643861f-scaled.png","type":"image\/png"}],"author":"Julien P.","twitter_card":"summary_large_image","schema":{"@context":"https:\/\/schema.org","@graph":[{"@type":"NewsArticle","@id":"https:\/\/mapetitetouche.fr\/blog\/decoration-interieure\/realiser-des-decorations-pour-la-rentree-scolaire\/#article","isPartOf":{"@id":"https:\/\/mapetitetouche.fr\/blog\/decoration-interieure\/realiser-des-decorations-pour-la-rentree-scolaire\/"},"author":{"name":"Julien P.","@id":"https:\/\/mapetitetouche.fr\/blog\/#\/schema\/person\/3c864cdc320801e3db34b663e7e3f816"},"headline":"D\u00e9coration de porte de classe pour la rentr\u00e9e scolaire : id\u00e9es par niveau","datePublished":"2026-08-31T07:41:35+00:00","dateModified":"2026-08-31T07:42:06+00:00","mainEntityOfPage":{"@id":"https:\/\/mapetitetouche.fr\/blog\/decoration-interieure\/realiser-des-decorations-pour-la-rentree-scolaire\/"},"wordCount":3693,"commentCount":0,"publisher":{"@id":"https:\/\/mapetitetouche.fr\/blog\/#organization"},"image":{"@id":"https:\/\/mapetitetouche.fr\/blog\/decoration-interieure\/realiser-des-decorations-pour-la-rentree-scolaire\/#primaryimage"},"thumbnailUrl":"https:\/\/mapetitetouche.fr\/blog\/wp-content\/uploads\/2025\/05\/sdxl-f2d01914fa9d950f9d2d57665643861f-scaled.png","articleSection":["D\u00e9coration Int\u00e9rieure"],"inLanguage":"fr-FR","potentialAction":[{"@type":"CommentAction","name":"Comment","target":["https:\/\/mapetitetouche.fr\/blog\/decoration-interieure\/realiser-des-decorations-pour-la-rentree-scolaire\/#respond"]}]},{"@type":"WebPage","@id":"https:\/\/mapetitetouche.fr\/blog\/decoration-interieure\/realiser-des-decorations-pour-la-rentree-scolaire\/","url":"https:\/\/mapetitetouche.fr\/blog\/decoration-interieure\/realiser-des-decorations-pour-la-rentree-scolaire\/","name":"D\u00e9coration de porte de classe pour la rentr\u00e9e : id\u00e9es par niveau","isPartOf":{"@id":"https:\/\/mapetitetouche.fr\/blog\/#website"},"primaryImageOfPage":{"@id":"https:\/\/mapetitetouche.fr\/blog\/decoration-interieure\/realiser-des-decorations-pour-la-rentree-scolaire\/#primaryimage"},"image":{"@id":"https:\/\/mapetitetouche.fr\/blog\/decoration-interieure\/realiser-des-decorations-pour-la-rentree-scolaire\/#primaryimage"},"thumbnailUrl":"https:\/\/mapetitetouche.fr\/blog\/wp-content\/uploads\/2025\/05\/sdxl-f2d01914fa9d950f9d2d57665643861f-scaled.png","datePublished":"2026-08-31T07:41:35+00:00","dateModified":"2026-08-31T07:42:06+00:00","description":"D\u00e9coration de porte de classe pour la rentr\u00e9e scolaire : la m\u00e9thode en 3 \u00e9tapes, des id\u00e9es pour la maternelle, le CP et le CE2, et la d\u00e9co de la classe.","inLanguage":"fr-FR","potentialAction":[{"@type":"ReadAction","target":["https:\/\/mapetitetouche.fr\/blog\/decoration-interieure\/realiser-des-decorations-pour-la-rentree-scolaire\/"]}]},{"@type":"ImageObject","inLanguage":"fr-FR","@id":"https:\/\/mapetitetouche.fr\/blog\/decoration-interieure\/realiser-des-decorations-pour-la-rentree-scolaire\/#primaryimage","url":"https:\/\/mapetitetouche.fr\/blog\/wp-content\/uploads\/2025\/05\/sdxl-f2d01914fa9d950f9d2d57665643861f-scaled.png","contentUrl":"https:\/\/mapetitetouche.fr\/blog\/wp-content\/uploads\/2025\/05\/sdxl-f2d01914fa9d950f9d2d57665643861f-scaled.png","width":1200,"height":500},{"@type":"WebSite","@id":"https:\/\/mapetitetouche.fr\/blog\/#website","url":"https:\/\/mapetitetouche.fr\/blog\/","name":"mapetitetouche.fr","description":"Ma Petite Touche, le DIY qui sublime votre quotidien","publisher":{"@id":"https:\/\/mapetitetouche.fr\/blog\/#organization"},"alternateName":"Ma Petite Touche, le DIY qui sublime votre quotidien","potentialAction":[{"@type":"SearchAction","target":{"@type":"EntryPoint","urlTemplate":"https:\/\/mapetitetouche.fr\/blog\/?s={search_term_string}"},"query-input":{"@type":"PropertyValueSpecification","valueRequired":true,"valueName":"search_term_string"}}],"inLanguage":"fr-FR"},{"@type":"Organization","@id":"https:\/\/mapetitetouche.fr\/blog\/#organization","name":"Foretsensations.fr","url":"https:\/\/mapetitetouche.fr\/blog\/","logo":{"@type":"ImageObject","inLanguage":"fr-FR","@id":"https:\/\/mapetitetouche.fr\/blog\/#\/schema\/logo\/image\/","url":"https:\/\/mapetitetouche.fr\/blog\/wp-content\/uploads\/2024\/12\/MaPetitetouche.png","contentUrl":"https:\/\/mapetitetouche.fr\/blog\/wp-content\/uploads\/2024\/12\/MaPetitetouche.png","width":500,"height":500,"caption":"Foretsensations.fr"},"image":{"@id":"https:\/\/mapetitetouche.fr\/blog\/#\/schema\/logo\/image\/"}},{"@type":"Person","@id":"https:\/\/mapetitetouche.fr\/blog\/#\/schema\/person\/3c864cdc320801e3db34b663e7e3f816","name":"Julien P.","image":{"@type":"ImageObject","inLanguage":"fr-FR","@id":"https:\/\/mapetitetouche.fr\/blog\/#\/schema\/person\/image\/","url":"https:\/\/mapetitetouche.fr\/blog\/wp-content\/uploads\/2026\/06\/persona_julien-p-96x96.jpg","contentUrl":"https:\/\/mapetitetouche.fr\/blog\/wp-content\/uploads\/2026\/06\/persona_julien-p-96x96.jpg","caption":"Julien P."},"description":"Bricoleur et jardinier dans l'\u00e2me, j'\u00e9cris sur la maison et ses ext\u00e9rieurs avec les mains dans le cambouis plus que dans les th\u00e9ories. Mon terrain couvre tout l'habitat : le potager et le jardin au fil des saisons, mais aussi les petits travaux, la r\u00e9novation, le bricolage et les m\u00e9tiers du b\u00e2timent \u2014 toiture, isolation, menuiserie, serrurerie, ma\u00e7onnerie. J'aime expliquer un geste technique simplement, donner des fourchettes de prix r\u00e9alistes et les bons crit\u00e8res pour choisir un mat\u00e9riau ou un artisan. Je teste ce que je peux sur mes propres chantiers et au jardin avant d'en parler, je distingue la tradition de ce que confirme l'observation, et je pr\u00e9cise toujours le contexte \u2014 climat, type de sol, configuration du logement \u2014 parce qu'un m\u00eame conseil ne vaut pas partout. Mon but : rendre l'entretien et l'am\u00e9lioration de la maison accessibles, durables et \u00e9conomes.","url":"https:\/\/mapetitetouche.fr\/blog\/auteur\/noname\/","jobTitle":"R\u00e9dacteur en chef \u00b7 Maison, Jardin & Travaux","knowsAbout":["Maison","Jardin","Travaux"],"email":"julien.p@endirectdupotager.fr"}]}},"_links":{"self":[{"href":"https:\/\/mapetitetouche.fr\/blog\/wp-json\/wp\/v2\/posts\/7420","targetHints":{"allow":["GET"]}}],"collection":[{"href":"https:\/\/mapetitetouche.fr\/blog\/wp-json\/wp\/v2\/posts"}],"about":[{"href":"https:\/\/mapetitetouche.fr\/blog\/wp-json\/wp\/v2\/types\/post"}],"author":[{"embeddable":true,"href":"https:\/\/mapetitetouche.fr\/blog\/wp-json\/wp\/v2\/users\/34"}],"replies":[{"embeddable":true,"href":"https:\/\/mapetitetouche.fr\/blog\/wp-json\/wp\/v2\/comments?post=7420"}],"version-history":[{"count":2,"href":"https:\/\/mapetitetouche.fr\/blog\/wp-json\/wp\/v2\/posts\/7420\/revisions"}],"predecessor-version":[{"id":7803,"href":"https:\/\/mapetitetouche.fr\/blog\/wp-json\/wp\/v2\/posts\/7420\/revisions\/7803"}],"wp:featuredmedia":[{"embeddable":true,"href":"https:\/\/mapetitetouche.fr\/blog\/wp-json\/wp\/v2\/media\/7440"}],"wp:attachment":[{"href":"https:\/\/mapetitetouche.fr\/blog\/wp-json\/wp\/v2\/media?parent=7420"}],"wp:term":[{"taxonomy":"category","embeddable":true,"href":"https:\/\/mapetitetouche.fr\/blog\/wp-json\/wp\/v2\/categories?post=7420"},{"taxonomy":"post_tag","embeddable":true,"href":"https:\/\/mapetitetouche.fr\/blog\/wp-json\/wp\/v2\/tags?post=7420"}],"curies":[{"name":"wp","href":"https:\/\/api.w.org\/{rel}","templated":true}]}}