{"id":7503,"date":"2026-01-15T09:32:00","date_gmt":"2026-01-15T08:32:00","guid":{"rendered":"https:\/\/mapetitetouche.fr\/blog\/?p=7503"},"modified":"2026-01-15T09:32:00","modified_gmt":"2026-01-15T08:32:00","slug":"les-meilleures-plantes-mediterraneennes-pour-un-balcon-ensoleille-en-ete","status":"publish","type":"post","link":"https:\/\/mapetitetouche.fr\/blog\/jardinage-diy\/les-meilleures-plantes-mediterraneennes-pour-un-balcon-ensoleille-en-ete\/","title":{"rendered":"Les meilleures plantes m\u00e9diterran\u00e9ennes pour un balcon ensoleill\u00e9 en \u00e9t\u00e9"},"content":{"rendered":"<div style=\"background: linear-gradient(135deg, #f5f7fa 0%, #e9ecef 100%);border-left: 4px solid #0073aa;padding: 15px 20px;margin: 0 0 25px 0;border-radius: 0 8px 8px 0\">\n<p style=\"margin: 0;font-size: 14px;color: #0073aa;font-weight: 600;text-transform: uppercase;letter-spacing: 1px;margin-bottom: 10px\">\ud83d\udccb En bref<\/p>\n<ul style=\"margin: 0;padding-left: 20px;list-style-type: none\">\n<li style=\"margin: 5px 0;color: #333;font-size: 15px;line-height: 1.5;position: relative;padding-left: 15px\"><span style=\"position: absolute;left: 0;color: #0073aa\">\u25b8<\/span> Pour un balcon ensoleill\u00e9, privil\u00e9giez la lavande et le romarin, r\u00e9sistants \u00e0 la chaleur.<\/li>\n<li style=\"margin: 5px 0;color: #333;font-size: 15px;line-height: 1.5;position: relative;padding-left: 15px\"><span style=\"position: absolute;left: 0;color: #0073aa\">\u25b8<\/span> En zone ombrag\u00e9e, optez pour des fuchsias et des hostas qui s&#039;\u00e9panouissent avec peu de soleil.<\/li>\n<li style=\"margin: 5px 0;color: #333;font-size: 15px;line-height: 1.5;position: relative;padding-left: 15px\"><span style=\"position: absolute;left: 0;color: #0073aa\">\u25b8<\/span> Int\u00e9grez des arbustes persistants comme le buis pour une structure verte toute l&#039;ann\u00e9e.<\/li>\n<\/ul>\n<\/div>\n<h1>Transformez votre balcon en oasis fleurie avec ces plantes irr\u00e9sistibles<\/h1>\n<h2>Plantes ensoleill\u00e9es pour balcon : lavande et romarin qui r\u00e9sistent \u00e0 la canicule<\/h2>\n<p>Nous privil\u00e9gions les vari\u00e9t\u00e9s m\u00e9diterran\u00e9ennes pour les balcons expos\u00e9s plein sud, o\u00f9 le soleil tape d&rsquo;avril \u00e0 octobre. La <strong>lavande anglaise<\/strong> (<em>Lavandula angustifolia<\/em> &lsquo;Hidcote&rsquo;), originaire des collines de Provence, supporte des temp\u00e9ratures jusqu&rsquo;\u00e0 <u>45?C<\/u> sans fl\u00e9chir, avec une floraison violette parfum\u00e9e de juin \u00e0 septembre qui attire <strong>les abeilles<\/strong> et papillons. Associez-la au <strong>romarin officinal<\/strong> (<em>Rosmarinus officinalis<\/em>), un arbuste persistant atteignant 80 cm en pot, dont les rameaux bleut\u00e9s r\u00e9sistent \u00e0 la s\u00e9cheresse gr\u00e2ce \u00e0 ses feuilles scl\u00e9rifi\u00e9es.<\/p>\n<p>Les <strong>sedums<\/strong> spectabiles, comme la vari\u00e9t\u00e9 &lsquo;Autumn Joy&rsquo;, forment des touffes grasses de 40 cm qui explosent en roses automnales, tandis que les <strong>agapanthes<\/strong> (<em>Agapanthus africanus<\/em>) offrent des ombelles bleues sur hampes de 1 m d\u00e8s juillet. Nous recommandons un arrosage hebdomadaire mod\u00e9r\u00e9, un sol drainant avec 30% de gravier, et une taille post-floraison pour une reprise vigoureuse au printemps.<\/p>\n<ul>\n<li><strong>Lavande<\/strong> &lsquo;Hidcote&rsquo; : hauteur 50 cm, floraison <u>juin-septembre 2024<\/u>, tol\u00e8re <strong>s\u00e9cheresse extr\u00eame<\/strong>.<\/li>\n<li><strong>Romarin<\/strong> &lsquo;Tuscan Blue&rsquo; : persistant, ar\u00f4me intense pour cuisine, r\u00e9siste \u00e0 <u>-12?C<\/u>.<\/li>\n<li><strong>Sedum<\/strong> &lsquo;Brilliant&rsquo; : couvre-sol succulent, <u>floraison rose cuivr\u00e9e en automne<\/u>.<\/li>\n<li><strong>Agapanthe<\/strong> &lsquo;Blue Storm&rsquo; : bulbes en pot de 30 cm, floraison abondante sous 6 heures de soleil quotidien.<\/li>\n<\/ul>\n<h2>Ombre tenace sur balcon : fuchsias et hostas qui illuminent sans soleil<\/h2>\n<p>Pour les balcons nord ou en cour sombre, comme ceux des immeubles haussmanniens \u00e0 <strong>Paris 8e<\/strong>, nous optons pour des plantes tol\u00e9rantes \u00e0 moins de 3 heures de soleil par jour. Les <strong>fuchsias<\/strong> hybrides, tels que <strong>Fuchsia magellanica<\/strong> &lsquo;Alba&rsquo;, d\u00e9ploient des clochettes roses et blanches pendant l&rsquo;\u00e9t\u00e9, atteignant 60 cm en suspension, avec un besoin en humidit\u00e9 constante maintenu par un paillage organique.<\/p>\n<p>Les <strong>hostas<\/strong> (&lsquo;Halcyon&rsquo;), aux feuillages bleut\u00e9s panach\u00e9s, forment des touffes de 40 cm id\u00e9ales pour le sol ombrag\u00e9, tandis que les <strong>b\u00e9gonias<\/strong> tub\u00e9reux et <strong>astilbes<\/strong> (&lsquo;Rheinland&rsquo;) ajoutent des plumets roses en juillet. Nous conseillons un terreau riche en humus, un arrosage bi-hebdomadaire et des associations avec <strong>foug\u00e8res athyrium<\/strong> pour un effet jungle luxuriante.<\/p>\n<ul>\n<li><strong>Fuchsia<\/strong> &lsquo;Thalia&rsquo; : cascade de fleurs corail, <u>floraison continue mai-octobre<\/u>.<\/li>\n<li><strong>Hosta<\/strong> &lsquo;Sum and Substance&rsquo; : feuilles chartreuses de 70 cm, r\u00e9sistante limaces.<\/li>\n<li><strong>B\u00e9gonia<\/strong> &lsquo;Non Stop&rsquo; : fleurs doubles oranges, pot de 20 cm.<\/li>\n<li><strong>Astilbe<\/strong> &lsquo;Sprite&rsquo; : plumets rose fonc\u00e9, hauteur 40 cm en mi-ombre.<\/li>\n<\/ul>\n<h2>Arbustes persistants pour balcon : buis et oranger du Mexique qui structurent l&rsquo;espace<\/h2>\n<p>Nous int\u00e9grons des arbustes persistants pour un cadre vert toute l&rsquo;ann\u00e9e, m\u00eame sur un balcon de 3 m? \u00e0 <strong>Lyon<\/strong>. Le <strong>buis commun<\/strong> (<em>Buxus sempervirens<\/em> &lsquo;Suffruticosa&rsquo;), taill\u00e9 en boule de 50 cm, borde les jardini\u00e8res, tandis que l&rsquo;<strong>oranger du Mexique<\/strong> (<em>Choisya ternata<\/em> &lsquo;Sundance&rsquo;), de <strong>Truffaut<\/strong> en 2024, exhale un parfum d&rsquo;agrumes en mai avec ses fleurs blanches sur feuillage dor\u00e9 persistant.<\/p>\n<p>Le <strong>laurier-tin<\/strong> (<em>Viburnum tinus<\/em>) et le <strong>pittosporum tenuifolium<\/strong> &lsquo;Nanum&rsquo; atteignent 1,5 m en pot de 40 cm, structurant les angles, et l&rsquo;<strong>\u00e9rable du Japon<\/strong> (<em>Acer palmatum<\/em> &lsquo;Bloodgood&rsquo;) illumine l&rsquo;automne de rouge pourpre en mi-ombre. Plantation en mars avec engrais \u00e0 lib\u00e9ration lente pour une croissance de <u>20 cm\/an<\/u>.<\/p>\n<ul>\n<li><strong>Buis<\/strong> &lsquo;Rotundifolia&rsquo; : taille facile, <u>persistant hiver doux<\/u> jusqu&rsquo;\u00e0 -10?C.<\/li>\n<li><strong>Choisya ternata<\/strong> &lsquo;Aztec Gold&rsquo; : floraison <u>avril-juin<\/u>, parfum intense.<\/li>\n<li><strong>Pittosporum<\/strong> &lsquo;Golf Ball&rsquo; : compact 80 cm, feuillage lustr\u00e9.<\/li>\n<li><strong>Acer palmatum<\/strong> &lsquo;Osakazuki&rsquo; : <u>feuilles orang\u00e9es automne<\/u>, pot 50 L.<\/li>\n<\/ul>\n<h2>Grimpantes magiques de balcon : jasmin et cl\u00e9matites qui conqui\u00e8rent les hauteurs<\/h2>\n<p>Exploitez les murs et rambardes avec des grimpantes qui doublent l&rsquo;espace visuel sur votre balcon marseillais. Le <strong>jasmin officinal<\/strong> (<em>Jasminum officinale<\/em>), rustique jusqu&rsquo;\u00e0 -15?C, parfume de blanc en juin sur treillis de 2 m, tandis que les <strong>cl\u00e9matites<\/strong> &lsquo;Jackmanii&rsquo; escaladent de pourpre vif d\u00e8s mai.<\/p>\n<p>Nous aimons la <strong>bignone<\/strong> (<em>Campsis radicans<\/em> &lsquo;Flamenco&rsquo;) aux trompettes rouges pour soleil, le <strong>ch\u00e8vrefeuille<\/strong> &lsquo;Serotina&rsquo; en mi-ombre et les petits <strong>rosiers grimpants<\/strong> &lsquo;Blush Noisette&rsquo; de 3 m. Supports DIY en bambou de 20 mm, plantation en automne pour enracinement optimal.<\/p>\n<ul>\n<li><strong>Jasmin<\/strong> &lsquo;Frosty Dawn&rsquo; : <u>floraison blanche parfum\u00e9e \u00e9t\u00e9<\/u>.<\/li>\n<li><strong>Cl\u00e9matite<\/strong> &lsquo;Montana Rubens&rsquo; : rose pourpre, croissance 4 m\/an.<\/li>\n<li><strong>Capucine<\/strong> &lsquo;Tip Top&rsquo; : annuelle orang\u00e9e, semis mars.<\/li>\n<li><strong>Ch\u00e8vrefeuille<\/strong> &lsquo;Halliana&rsquo; : jaune cr\u00e8me, attire oiseaux.<\/li>\n<\/ul>\n<h2>Gramin\u00e9es \u00e9l\u00e9gantes en balcon : miscanthus et carex pour un mouvement perp\u00e9tuel<\/h2>\n<p>Les gramin\u00e9es apportent fluidit\u00e9 et structure sans entretien excessif, id\u00e9ales pour balcons venteux \u00e0 <strong>Bordeaux<\/strong>. Le <strong>miscanthus<\/strong> &lsquo;Morning Light&rsquo;, vari\u00e9t\u00e9 phare de <strong>Jardiland<\/strong> depuis 2020, atteint 1,8 m avec feuillage margin\u00e9 blanc qui ondule au vent, persistant jusqu&rsquo;en hiver.<\/p>\n<p>Associez \u00e0 la <strong>f\u00e9tuque glauque<\/strong> (<em>Festuca glauca<\/em> &lsquo;Elijah Blue&rsquo;) en touffes bleues de 30 cm et au <strong>carex<\/strong> &lsquo;Evergold&rsquo; panach\u00e9 pour mi-ombre. Taille basse en f\u00e9vrier pour reprise printani\u00e8re, sol pauvre drain\u00e9.<\/p>\n<ul>\n<li><strong>Miscanthus<\/strong> &lsquo;Morning Light&rsquo; : <u>hauteur 1,8 m, feuillage d\u00e9coratif hiver<\/u>.<\/li>\n<li><strong>F\u00e9tuque<\/strong> &lsquo;Blauglut&rsquo; : bleue compacte, 25 cm.<\/li>\n<li><strong>Carex<\/strong> &lsquo;Everillo&rsquo; : dor\u00e9, ombre tol\u00e9r\u00e9e.<\/li>\n<li><strong>Deschampsia cespitosa<\/strong> &lsquo;Goldschleier&rsquo; : 1,5 m, mi-ombre.<\/li>\n<\/ul>\n<h2>Aromatiques savoureuses pour balcon : thym et basilic cueillis \u00e0 port\u00e9e de main<\/h2>\n<p>Transformez votre balcon en herboristerie culinaire avec des aromatiques en pots suspendus. Le <strong>thym serpolet<\/strong> (<em>Thymus serpyllum<\/em>), r\u00e9sistant \u00e0 la s\u00e9cheresse, parfume viandes grill\u00e9es, tandis que le <strong>basilic g\u00e9novois<\/strong> (<em>Ocimum basilicum<\/em>) de <strong>Bakker<\/strong> produit feuilles tendres en rotation toutes les 6 semaines.<\/p>\n<p>La <strong>menthe poivr\u00e9e<\/strong> en pot isol\u00e9 \u00e9vite l&rsquo;invasion, la <strong>sauge sclar\u00e9e<\/strong> fleurit violet en \u00e9t\u00e9. Rotation des plants pour r\u00e9colte continue, protection vent avec brise-vue en osier.<\/p>\n<ul>\n<li><strong>Thym<\/strong> &lsquo;Lemon&rsquo; : citronn\u00e9, <u>r\u00e9colte toute saison<\/u>.<\/li>\n<li><strong>Basilic<\/strong> &lsquo;Mrs Burns Lemon&rsquo; : 50 cm, 100 g\/plante.<\/li>\n<li><strong>Menthe<\/strong> &lsquo;Moroccan&rsquo; : pots 20 cm, ombre partielle.<\/li>\n<li><strong>Sauge<\/strong> &lsquo;Hot Lips&rsquo; : bicolore, comestible.<\/li>\n<\/ul>\n<h2>Succulentes exotiques de balcon : alo\u00e8s et sedums qui d\u00e9fient la s\u00e9cheresse<\/h2>\n<p>Pour un look d\u00e9sertique chic sur balcon chaud de <strong>Nice<\/strong>, les succulentes stockent l&rsquo;eau dans leurs feuilles charnues. L&rsquo;<strong>alo\u00e8s vera<\/strong>, cultiv\u00e9 en pot de 30 cm, r\u00e9siste \u00e0 50?C et offre gel cicatrisant, tandis que les <strong>sedums<\/strong> &lsquo;Cape Blanco&rsquo; cascadent en gris argent\u00e9.<\/p>\n<p><strong>Cactus<\/strong> opuntia et <strong>lantana<\/strong> &lsquo;Luscious Grape&rsquo; ajoutent fleurs vives. Substrat 70% sable volcanique, rempotage tous 2 ans en avril.<\/p>\n<ul>\n<li><strong>Alo\u00e8s<\/strong> &lsquo;Zebra&rsquo; : rayures, <u>hauteur 50 cm<\/u>.<\/li>\n<li><strong>Sedum<\/strong> &lsquo;Angelina&rsquo; : jaune dor\u00e9, couvre 40 cm.<\/li>\n<li><strong>Lantana<\/strong> &lsquo;Bandana Cherry&rsquo; : <u>floraison continue, attirant papillons<\/u>.<\/li>\n<li><strong>Echeveria<\/strong> &lsquo;Black Prince&rsquo; : rosettes pourpre, plein soleil.<\/li>\n<\/ul>\n<h2>Erreurs fatales \u00e0 \u00e9viter avec plantes de terrasse et balcon expos\u00e9es au vent<\/h2>\n<p>Nous observons souvent le surarrosage noyer les racines des <strong>g\u00e9raniums zonales<\/strong> Ives Carnival, causant pourriture en 48h sur balcon venteux. Pots trop l\u00e9gers basculent sous rafales de 60 km\/h \u00e0 <strong>Strasbourg<\/strong> ; optez pour 10 kg minimum avec socle en b\u00e9ton.<\/p>\n<p>Ignorer l&rsquo;exposition fane les <strong>p\u00e9tunias<\/strong> Wave et <strong>diplad\u00e9nia<\/strong> Mandevilla ; solutions : drainage perc\u00e9, paillage anti-vent et rotation saisonni\u00e8re.<\/p>\n<ul>\n<li><u>Surarrosage<\/u> : testez sol sec 5 cm profondeur avant eau.<\/li>\n<li><u>Pots l\u00e9gers<\/u> : ajoutez pierres 2 kg au fond.<\/li>\n<li><u>Vent fort<\/u> : brise-vues ajour\u00e9s 50% perm\u00e9ables.<\/li>\n<li><u>Mauvaise exposition<\/u> : observez 1 semaine avant plantation.<\/li>\n<\/ul>\n<h2>Entretien malin des v\u00e9g\u00e9taux balcon : engrais et rempotage pour une floraison non-stop<\/h2>\n<p>Nous appliquons un engrais organique NPK 7-3-6 tous 15 jours de mars \u00e0 septembre pour bulbes comme <strong>tulipes<\/strong> &lsquo;Queen of Night&rsquo;. Rempotage printanier en pot 5 cm plus large avec racines taill\u00e9es 20%.<\/p>\n<p>Protections hivernales : voile d&rsquo;hivernage pour vivaces \u00e0 -5?C, arrosage r\u00e9duit 1\/mois. Calendrier : taille mars, engrais mai, paillage juin.<\/p>\n<ul>\n<li><strong>Engrais<\/strong> Algoflash universel : <u>1 dose\/5 L eau<\/u>, bi-hebdo.<\/li>\n<li><strong>Rempotage<\/strong> : terreau sp\u00e9cial balcon, avril 2025.<\/li>\n<li><strong>Hiver<\/strong> : rentrez pots sensibles, mulching 5 cm.<\/li>\n<li><strong>Floraison<\/strong> : pincement apex pour buissonnements.<\/li>\n<\/ul>\n<div style=\"background: #e8f4f8;border: 3px solid #0073aa;padding: 20px;margin: 20px 0;border-radius: 8px\">\n<h2 style=\"color: #0073aa;text-align: center;margin-bottom: 15px\">\ud83d\udd27 Ressources Pratiques et Outils<\/h2>\n<div style=\"background: white;padding: 15px;margin: 10px 0;border-left: 4px solid #28a745\">\n<h3 style=\"color: #28a745;margin-bottom: 10px\">\ud83d\udccd Boutiques de Plantes \u00e0 Paris<\/h3>\n<p>\n&#8211; **Mon Balcon Parisien** : 22 rue de Moscou, 75008 Paris. Site : <a href=\"https:\/\/www.monbalconparisien.fr\" rel=\"nofollow\">monbalconparisien.fr<\/a><br \/>\n&#8211; **Merci Raymond** : 10 rue la Vacquerie, 75011 Paris.<br \/>\n&#8211; **By Charlot** : 26 rue des Batignolles, 75017 Paris.<br \/>\n&#8211; **Maison Bergamotte** : 12 rue d&rsquo;Argenteuil, 75001 Paris. Site : <a href=\"https:\/\/www.debeaulieu-paris.com\" rel=\"nofollow\">debeaulieu-paris.com<\/a><br \/>\n&#8211; **Truffaut** : 85 quai de la Gare, Paris. T\u00e9l : 01.53.60.84.50.\n<\/p>\n<\/div>\n<div style=\"background: white;padding: 15px;margin: 10px 0;border-left: 4px solid #007bff\">\n<h3 style=\"color: #007bff;margin-bottom: 10px\">\ud83d\udee0\ufe0f Outils et Calculateurs<\/h3>\n<p>\nAucun outil sp\u00e9cifique n&rsquo;a \u00e9t\u00e9 mentionn\u00e9 dans les donn\u00e9es trouv\u00e9es. Cependant, vous pouvez explorer les sites de <a href=\"https:\/\/www.monbalconparisien.fr\" rel=\"nofollow\">Mon Balcon Parisien<\/a> et <a href=\"https:\/\/unjardinsurlaville.com\" rel=\"nofollow\">Un Jardin sur la Ville<\/a> pour des conseils et des ressources sur l&rsquo;am\u00e9nagement de votre balcon.\n<\/p>\n<\/div>\n<div style=\"background: white;padding: 15px;margin: 10px 0;border-left: 4px solid #6f42c1\">\n<h3 style=\"color: #6f42c1;margin-bottom: 10px\">\ud83d\udc65 Communaut\u00e9 et Experts<\/h3>\n<p>\nPour des conseils d&rsquo;experts et des ateliers, vous pouvez contacter :<br \/>\n&#8211; **La Belle Plante** : Ateliers cr\u00e9atifs (c\u00e9ramique, modelage) \u00e0 Montmartre, Paris. Site : <a href=\"https:\/\/labelleplante.eu\" rel=\"nofollow\">labelleplante.eu<\/a><br \/>\n&#8211; **Maison Bergamotte** : Ateliers DIY et march\u00e9s aux plantes. Site : <a href=\"https:\/\/www.debeaulieu-paris.com\" rel=\"nofollow\">debeaulieu-paris.com<\/a>\n<\/p>\n<\/div>\n<div style=\"background: #fff3cd;padding: 15px;margin: 15px 0;border: 2px solid #ffc107;border-radius: 5px\">\n<strong style=\"color: #856404\">\ud83d\udca1 R\u00e9sum\u00e9 en 2 lignes :<\/strong><br \/>\n<span>D\u00e9couvrez les meilleures boutiques de plantes \u00e0 Paris pour transformer votre balcon. Profitez d&rsquo;ateliers cr\u00e9atifs et de conseils d&rsquo;experts pour un espace vert \u00e9panouissant.<\/span>\n<\/div>\n<\/div>\n","protected":false},"excerpt":{"rendered":"","protected":false},"author":34,"featured_media":7529,"comment_status":"open","ping_status":"open","sticky":false,"template":"","format":"standard","meta":{"_acf_changed":false,"manual_indexmenow":false,"indexmenow_id_project":0,"footnotes":""},"categories":[4523],"tags":[4574,4573,4575],"class_list":["post-7503","post","type-post","status-publish","format-standard","has-post-thumbnail","hentry","category-jardinage-diy","tag-balcon-ensoleill","tag-plantes-mditerranennes","tag-t123","generate-columns","tablet-grid-50","mobile-grid-100","grid-parent","grid-25"],"acf":[],"yoast_head":"<!-- This site is optimized with the Yoast SEO Premium plugin v21.3 (Yoast SEO v26.5) - https:\/\/yoast.com\/wordpress\/plugins\/seo\/ -->\n<title>Plantes m\u00e9diterran\u00e9ennes pour un balcon ensoleill\u00e9<\/title>\n<meta name=\"description\" content=\"Pour un balcon ensoleill\u00e9, privil\u00e9giez la lavande et le romarin, r\u00e9sistants \u00e0 la chaleur.\" \/>\n<meta name=\"robots\" content=\"index, follow, max-snippet:-1, max-image-preview:large, max-video-preview:-1\" \/>\n<link rel=\"canonical\" href=\"https:\/\/mapetitetouche.fr\/blog\/jardinage-diy\/les-meilleures-plantes-mediterraneennes-pour-un-balcon-ensoleille-en-ete\/\" \/>\n<meta property=\"og:locale\" content=\"fr_FR\" \/>\n<meta property=\"og:type\" content=\"article\" \/>\n<meta property=\"og:title\" content=\"Plantes m\u00e9diterran\u00e9ennes pour un balcon ensoleill\u00e9\" \/>\n<meta property=\"og:description\" content=\"Pour un balcon ensoleill\u00e9, privil\u00e9giez la lavande et le romarin, r\u00e9sistants \u00e0 la chaleur.\" \/>\n<meta property=\"og:url\" content=\"https:\/\/mapetitetouche.fr\/blog\/jardinage-diy\/les-meilleures-plantes-mediterraneennes-pour-un-balcon-ensoleille-en-ete\/\" \/>\n<meta property=\"og:site_name\" content=\"mapetitetouche\" \/>\n<meta property=\"og:image\" content=\"https:\/\/mapetitetouche.fr\/blog\/wp-content\/uploads\/2026\/01\/sdxl-8135ff9c44face6c98df54de984ac40b-scaled.png\" \/>\n\t<meta property=\"og:image:width\" content=\"1200\" \/>\n\t<meta property=\"og:image:height\" content=\"500\" \/>\n\t<meta property=\"og:image:type\" content=\"image\/png\" \/>\n<meta name=\"author\" content=\"Julien P.\" \/>\n<meta name=\"twitter:card\" content=\"summary_large_image\" \/>\n<script type=\"application\/ld+json\" class=\"yoast-schema-graph\">{\"@context\":\"https:\/\/schema.org\",\"@graph\":[{\"@type\":\"NewsArticle\",\"@id\":\"https:\/\/mapetitetouche.fr\/blog\/jardinage-diy\/les-meilleures-plantes-mediterraneennes-pour-un-balcon-ensoleille-en-ete\/#article\",\"isPartOf\":{\"@id\":\"https:\/\/mapetitetouche.fr\/blog\/jardinage-diy\/les-meilleures-plantes-mediterraneennes-pour-un-balcon-ensoleille-en-ete\/\"},\"author\":{\"name\":\"Julien P.\",\"@id\":\"https:\/\/mapetitetouche.fr\/blog\/#\/schema\/person\/3c864cdc320801e3db34b663e7e3f816\"},\"headline\":\"Les meilleures plantes m\u00e9diterran\u00e9ennes pour un balcon ensoleill\u00e9 en \u00e9t\u00e9\",\"datePublished\":\"2026-01-15T08:32:00+00:00\",\"mainEntityOfPage\":{\"@id\":\"https:\/\/mapetitetouche.fr\/blog\/jardinage-diy\/les-meilleures-plantes-mediterraneennes-pour-un-balcon-ensoleille-en-ete\/\"},\"wordCount\":1441,\"commentCount\":0,\"publisher\":{\"@id\":\"https:\/\/mapetitetouche.fr\/blog\/#organization\"},\"image\":{\"@id\":\"https:\/\/mapetitetouche.fr\/blog\/jardinage-diy\/les-meilleures-plantes-mediterraneennes-pour-un-balcon-ensoleille-en-ete\/#primaryimage\"},\"thumbnailUrl\":\"https:\/\/mapetitetouche.fr\/blog\/wp-content\/uploads\/2026\/01\/sdxl-8135ff9c44face6c98df54de984ac40b-scaled.png\",\"keywords\":[\"balcon ensoleill\",\"plantes mditerranennes\",\"t123\"],\"articleSection\":[\"Jardinage DIY\"],\"inLanguage\":\"fr-FR\",\"potentialAction\":[{\"@type\":\"CommentAction\",\"name\":\"Comment\",\"target\":[\"https:\/\/mapetitetouche.fr\/blog\/jardinage-diy\/les-meilleures-plantes-mediterraneennes-pour-un-balcon-ensoleille-en-ete\/#respond\"]}]},{\"@type\":\"WebPage\",\"@id\":\"https:\/\/mapetitetouche.fr\/blog\/jardinage-diy\/les-meilleures-plantes-mediterraneennes-pour-un-balcon-ensoleille-en-ete\/\",\"url\":\"https:\/\/mapetitetouche.fr\/blog\/jardinage-diy\/les-meilleures-plantes-mediterraneennes-pour-un-balcon-ensoleille-en-ete\/\",\"name\":\"Plantes m\u00e9diterran\u00e9ennes pour un balcon ensoleill\u00e9\",\"isPartOf\":{\"@id\":\"https:\/\/mapetitetouche.fr\/blog\/#website\"},\"primaryImageOfPage\":{\"@id\":\"https:\/\/mapetitetouche.fr\/blog\/jardinage-diy\/les-meilleures-plantes-mediterraneennes-pour-un-balcon-ensoleille-en-ete\/#primaryimage\"},\"image\":{\"@id\":\"https:\/\/mapetitetouche.fr\/blog\/jardinage-diy\/les-meilleures-plantes-mediterraneennes-pour-un-balcon-ensoleille-en-ete\/#primaryimage\"},\"thumbnailUrl\":\"https:\/\/mapetitetouche.fr\/blog\/wp-content\/uploads\/2026\/01\/sdxl-8135ff9c44face6c98df54de984ac40b-scaled.png\",\"datePublished\":\"2026-01-15T08:32:00+00:00\",\"description\":\"Pour un balcon ensoleill\u00e9, privil\u00e9giez la lavande et le romarin, r\u00e9sistants \u00e0 la chaleur.\",\"inLanguage\":\"fr-FR\",\"potentialAction\":[{\"@type\":\"ReadAction\",\"target\":[\"https:\/\/mapetitetouche.fr\/blog\/jardinage-diy\/les-meilleures-plantes-mediterraneennes-pour-un-balcon-ensoleille-en-ete\/\"]}]},{\"@type\":\"ImageObject\",\"inLanguage\":\"fr-FR\",\"@id\":\"https:\/\/mapetitetouche.fr\/blog\/jardinage-diy\/les-meilleures-plantes-mediterraneennes-pour-un-balcon-ensoleille-en-ete\/#primaryimage\",\"url\":\"https:\/\/mapetitetouche.fr\/blog\/wp-content\/uploads\/2026\/01\/sdxl-8135ff9c44face6c98df54de984ac40b-scaled.png\",\"contentUrl\":\"https:\/\/mapetitetouche.fr\/blog\/wp-content\/uploads\/2026\/01\/sdxl-8135ff9c44face6c98df54de984ac40b-scaled.png\",\"width\":1200,\"height\":500},{\"@type\":\"WebSite\",\"@id\":\"https:\/\/mapetitetouche.fr\/blog\/#website\",\"url\":\"https:\/\/mapetitetouche.fr\/blog\/\",\"name\":\"mapetitetouche.fr\",\"description\":\"Ma Petite Touche, le DIY qui sublime votre quotidien\",\"publisher\":{\"@id\":\"https:\/\/mapetitetouche.fr\/blog\/#organization\"},\"alternateName\":\"Ma Petite Touche, le DIY qui sublime votre quotidien\",\"potentialAction\":[{\"@type\":\"SearchAction\",\"target\":{\"@type\":\"EntryPoint\",\"urlTemplate\":\"https:\/\/mapetitetouche.fr\/blog\/?s={search_term_string}\"},\"query-input\":{\"@type\":\"PropertyValueSpecification\",\"valueRequired\":true,\"valueName\":\"search_term_string\"}}],\"inLanguage\":\"fr-FR\"},{\"@type\":\"Organization\",\"@id\":\"https:\/\/mapetitetouche.fr\/blog\/#organization\",\"name\":\"Foretsensations.fr\",\"url\":\"https:\/\/mapetitetouche.fr\/blog\/\",\"logo\":{\"@type\":\"ImageObject\",\"inLanguage\":\"fr-FR\",\"@id\":\"https:\/\/mapetitetouche.fr\/blog\/#\/schema\/logo\/image\/\",\"url\":\"https:\/\/mapetitetouche.fr\/blog\/wp-content\/uploads\/2024\/12\/MaPetitetouche.png\",\"contentUrl\":\"https:\/\/mapetitetouche.fr\/blog\/wp-content\/uploads\/2024\/12\/MaPetitetouche.png\",\"width\":500,\"height\":500,\"caption\":\"Foretsensations.fr\"},\"image\":{\"@id\":\"https:\/\/mapetitetouche.fr\/blog\/#\/schema\/logo\/image\/\"}},{\"@type\":\"Person\",\"@id\":\"https:\/\/mapetitetouche.fr\/blog\/#\/schema\/person\/3c864cdc320801e3db34b663e7e3f816\",\"name\":\"Julien P.\",\"image\":{\"@type\":\"ImageObject\",\"inLanguage\":\"fr-FR\",\"@id\":\"https:\/\/mapetitetouche.fr\/blog\/#\/schema\/person\/image\/\",\"url\":\"https:\/\/mapetitetouche.fr\/blog\/wp-content\/uploads\/2026\/06\/persona_julien-p-96x96.jpg\",\"contentUrl\":\"https:\/\/mapetitetouche.fr\/blog\/wp-content\/uploads\/2026\/06\/persona_julien-p-96x96.jpg\",\"caption\":\"Julien P.\"},\"description\":\"Bricoleur et jardinier dans l'\u00e2me, j'\u00e9cris sur la maison et ses ext\u00e9rieurs avec les mains dans le cambouis plus que dans les th\u00e9ories. Mon terrain couvre tout l'habitat : le potager et le jardin au fil des saisons, mais aussi les petits travaux, la r\u00e9novation, le bricolage et les m\u00e9tiers du b\u00e2timent \u2014 toiture, isolation, menuiserie, serrurerie, ma\u00e7onnerie. J'aime expliquer un geste technique simplement, donner des fourchettes de prix r\u00e9alistes et les bons crit\u00e8res pour choisir un mat\u00e9riau ou un artisan. Je teste ce que je peux sur mes propres chantiers et au jardin avant d'en parler, je distingue la tradition de ce que confirme l'observation, et je pr\u00e9cise toujours le contexte \u2014 climat, type de sol, configuration du logement \u2014 parce qu'un m\u00eame conseil ne vaut pas partout. Mon but : rendre l'entretien et l'am\u00e9lioration de la maison accessibles, durables et \u00e9conomes.\",\"url\":\"https:\/\/mapetitetouche.fr\/blog\/auteur\/noname\/\",\"jobTitle\":\"R\u00e9dacteur en chef \u00b7 Maison, Jardin & Travaux\",\"knowsAbout\":[\"Maison\",\"Jardin\",\"Travaux\"],\"email\":\"julien.p@endirectdupotager.fr\"}]}<\/script>\n<!-- \/ Yoast SEO Premium plugin. -->","yoast_head_json":{"title":"Plantes m\u00e9diterran\u00e9ennes pour un balcon ensoleill\u00e9","description":"Pour un balcon ensoleill\u00e9, privil\u00e9giez la lavande et le romarin, r\u00e9sistants \u00e0 la chaleur.","robots":{"index":"index","follow":"follow","max-snippet":"max-snippet:-1","max-image-preview":"max-image-preview:large","max-video-preview":"max-video-preview:-1"},"canonical":"https:\/\/mapetitetouche.fr\/blog\/jardinage-diy\/les-meilleures-plantes-mediterraneennes-pour-un-balcon-ensoleille-en-ete\/","og_locale":"fr_FR","og_type":"article","og_title":"Plantes m\u00e9diterran\u00e9ennes pour un balcon ensoleill\u00e9","og_description":"Pour un balcon ensoleill\u00e9, privil\u00e9giez la lavande et le romarin, r\u00e9sistants \u00e0 la chaleur.","og_url":"https:\/\/mapetitetouche.fr\/blog\/jardinage-diy\/les-meilleures-plantes-mediterraneennes-pour-un-balcon-ensoleille-en-ete\/","og_site_name":"mapetitetouche","og_image":[{"width":1200,"height":500,"url":"https:\/\/mapetitetouche.fr\/blog\/wp-content\/uploads\/2026\/01\/sdxl-8135ff9c44face6c98df54de984ac40b-scaled.png","type":"image\/png"}],"author":"Julien P.","twitter_card":"summary_large_image","schema":{"@context":"https:\/\/schema.org","@graph":[{"@type":"NewsArticle","@id":"https:\/\/mapetitetouche.fr\/blog\/jardinage-diy\/les-meilleures-plantes-mediterraneennes-pour-un-balcon-ensoleille-en-ete\/#article","isPartOf":{"@id":"https:\/\/mapetitetouche.fr\/blog\/jardinage-diy\/les-meilleures-plantes-mediterraneennes-pour-un-balcon-ensoleille-en-ete\/"},"author":{"name":"Julien P.","@id":"https:\/\/mapetitetouche.fr\/blog\/#\/schema\/person\/3c864cdc320801e3db34b663e7e3f816"},"headline":"Les meilleures plantes m\u00e9diterran\u00e9ennes pour un balcon ensoleill\u00e9 en \u00e9t\u00e9","datePublished":"2026-01-15T08:32:00+00:00","mainEntityOfPage":{"@id":"https:\/\/mapetitetouche.fr\/blog\/jardinage-diy\/les-meilleures-plantes-mediterraneennes-pour-un-balcon-ensoleille-en-ete\/"},"wordCount":1441,"commentCount":0,"publisher":{"@id":"https:\/\/mapetitetouche.fr\/blog\/#organization"},"image":{"@id":"https:\/\/mapetitetouche.fr\/blog\/jardinage-diy\/les-meilleures-plantes-mediterraneennes-pour-un-balcon-ensoleille-en-ete\/#primaryimage"},"thumbnailUrl":"https:\/\/mapetitetouche.fr\/blog\/wp-content\/uploads\/2026\/01\/sdxl-8135ff9c44face6c98df54de984ac40b-scaled.png","keywords":["balcon ensoleill","plantes mditerranennes","t123"],"articleSection":["Jardinage DIY"],"inLanguage":"fr-FR","potentialAction":[{"@type":"CommentAction","name":"Comment","target":["https:\/\/mapetitetouche.fr\/blog\/jardinage-diy\/les-meilleures-plantes-mediterraneennes-pour-un-balcon-ensoleille-en-ete\/#respond"]}]},{"@type":"WebPage","@id":"https:\/\/mapetitetouche.fr\/blog\/jardinage-diy\/les-meilleures-plantes-mediterraneennes-pour-un-balcon-ensoleille-en-ete\/","url":"https:\/\/mapetitetouche.fr\/blog\/jardinage-diy\/les-meilleures-plantes-mediterraneennes-pour-un-balcon-ensoleille-en-ete\/","name":"Plantes m\u00e9diterran\u00e9ennes pour un balcon ensoleill\u00e9","isPartOf":{"@id":"https:\/\/mapetitetouche.fr\/blog\/#website"},"primaryImageOfPage":{"@id":"https:\/\/mapetitetouche.fr\/blog\/jardinage-diy\/les-meilleures-plantes-mediterraneennes-pour-un-balcon-ensoleille-en-ete\/#primaryimage"},"image":{"@id":"https:\/\/mapetitetouche.fr\/blog\/jardinage-diy\/les-meilleures-plantes-mediterraneennes-pour-un-balcon-ensoleille-en-ete\/#primaryimage"},"thumbnailUrl":"https:\/\/mapetitetouche.fr\/blog\/wp-content\/uploads\/2026\/01\/sdxl-8135ff9c44face6c98df54de984ac40b-scaled.png","datePublished":"2026-01-15T08:32:00+00:00","description":"Pour un balcon ensoleill\u00e9, privil\u00e9giez la lavande et le romarin, r\u00e9sistants \u00e0 la chaleur.","inLanguage":"fr-FR","potentialAction":[{"@type":"ReadAction","target":["https:\/\/mapetitetouche.fr\/blog\/jardinage-diy\/les-meilleures-plantes-mediterraneennes-pour-un-balcon-ensoleille-en-ete\/"]}]},{"@type":"ImageObject","inLanguage":"fr-FR","@id":"https:\/\/mapetitetouche.fr\/blog\/jardinage-diy\/les-meilleures-plantes-mediterraneennes-pour-un-balcon-ensoleille-en-ete\/#primaryimage","url":"https:\/\/mapetitetouche.fr\/blog\/wp-content\/uploads\/2026\/01\/sdxl-8135ff9c44face6c98df54de984ac40b-scaled.png","contentUrl":"https:\/\/mapetitetouche.fr\/blog\/wp-content\/uploads\/2026\/01\/sdxl-8135ff9c44face6c98df54de984ac40b-scaled.png","width":1200,"height":500},{"@type":"WebSite","@id":"https:\/\/mapetitetouche.fr\/blog\/#website","url":"https:\/\/mapetitetouche.fr\/blog\/","name":"mapetitetouche.fr","description":"Ma Petite Touche, le DIY qui sublime votre quotidien","publisher":{"@id":"https:\/\/mapetitetouche.fr\/blog\/#organization"},"alternateName":"Ma Petite Touche, le DIY qui sublime votre quotidien","potentialAction":[{"@type":"SearchAction","target":{"@type":"EntryPoint","urlTemplate":"https:\/\/mapetitetouche.fr\/blog\/?s={search_term_string}"},"query-input":{"@type":"PropertyValueSpecification","valueRequired":true,"valueName":"search_term_string"}}],"inLanguage":"fr-FR"},{"@type":"Organization","@id":"https:\/\/mapetitetouche.fr\/blog\/#organization","name":"Foretsensations.fr","url":"https:\/\/mapetitetouche.fr\/blog\/","logo":{"@type":"ImageObject","inLanguage":"fr-FR","@id":"https:\/\/mapetitetouche.fr\/blog\/#\/schema\/logo\/image\/","url":"https:\/\/mapetitetouche.fr\/blog\/wp-content\/uploads\/2024\/12\/MaPetitetouche.png","contentUrl":"https:\/\/mapetitetouche.fr\/blog\/wp-content\/uploads\/2024\/12\/MaPetitetouche.png","width":500,"height":500,"caption":"Foretsensations.fr"},"image":{"@id":"https:\/\/mapetitetouche.fr\/blog\/#\/schema\/logo\/image\/"}},{"@type":"Person","@id":"https:\/\/mapetitetouche.fr\/blog\/#\/schema\/person\/3c864cdc320801e3db34b663e7e3f816","name":"Julien P.","image":{"@type":"ImageObject","inLanguage":"fr-FR","@id":"https:\/\/mapetitetouche.fr\/blog\/#\/schema\/person\/image\/","url":"https:\/\/mapetitetouche.fr\/blog\/wp-content\/uploads\/2026\/06\/persona_julien-p-96x96.jpg","contentUrl":"https:\/\/mapetitetouche.fr\/blog\/wp-content\/uploads\/2026\/06\/persona_julien-p-96x96.jpg","caption":"Julien P."},"description":"Bricoleur et jardinier dans l'\u00e2me, j'\u00e9cris sur la maison et ses ext\u00e9rieurs avec les mains dans le cambouis plus que dans les th\u00e9ories. Mon terrain couvre tout l'habitat : le potager et le jardin au fil des saisons, mais aussi les petits travaux, la r\u00e9novation, le bricolage et les m\u00e9tiers du b\u00e2timent \u2014 toiture, isolation, menuiserie, serrurerie, ma\u00e7onnerie. J'aime expliquer un geste technique simplement, donner des fourchettes de prix r\u00e9alistes et les bons crit\u00e8res pour choisir un mat\u00e9riau ou un artisan. Je teste ce que je peux sur mes propres chantiers et au jardin avant d'en parler, je distingue la tradition de ce que confirme l'observation, et je pr\u00e9cise toujours le contexte \u2014 climat, type de sol, configuration du logement \u2014 parce qu'un m\u00eame conseil ne vaut pas partout. Mon but : rendre l'entretien et l'am\u00e9lioration de la maison accessibles, durables et \u00e9conomes.","url":"https:\/\/mapetitetouche.fr\/blog\/auteur\/noname\/","jobTitle":"R\u00e9dacteur en chef \u00b7 Maison, Jardin & Travaux","knowsAbout":["Maison","Jardin","Travaux"],"email":"julien.p@endirectdupotager.fr"}]}},"_links":{"self":[{"href":"https:\/\/mapetitetouche.fr\/blog\/wp-json\/wp\/v2\/posts\/7503","targetHints":{"allow":["GET"]}}],"collection":[{"href":"https:\/\/mapetitetouche.fr\/blog\/wp-json\/wp\/v2\/posts"}],"about":[{"href":"https:\/\/mapetitetouche.fr\/blog\/wp-json\/wp\/v2\/types\/post"}],"author":[{"embeddable":true,"href":"https:\/\/mapetitetouche.fr\/blog\/wp-json\/wp\/v2\/users\/34"}],"replies":[{"embeddable":true,"href":"https:\/\/mapetitetouche.fr\/blog\/wp-json\/wp\/v2\/comments?post=7503"}],"version-history":[{"count":1,"href":"https:\/\/mapetitetouche.fr\/blog\/wp-json\/wp\/v2\/posts\/7503\/revisions"}],"predecessor-version":[{"id":7523,"href":"https:\/\/mapetitetouche.fr\/blog\/wp-json\/wp\/v2\/posts\/7503\/revisions\/7523"}],"wp:featuredmedia":[{"embeddable":true,"href":"https:\/\/mapetitetouche.fr\/blog\/wp-json\/wp\/v2\/media\/7529"}],"wp:attachment":[{"href":"https:\/\/mapetitetouche.fr\/blog\/wp-json\/wp\/v2\/media?parent=7503"}],"wp:term":[{"taxonomy":"category","embeddable":true,"href":"https:\/\/mapetitetouche.fr\/blog\/wp-json\/wp\/v2\/categories?post=7503"},{"taxonomy":"post_tag","embeddable":true,"href":"https:\/\/mapetitetouche.fr\/blog\/wp-json\/wp\/v2\/tags?post=7503"}],"curies":[{"name":"wp","href":"https:\/\/api.w.org\/{rel}","templated":true}]}}