{"id":7515,"date":"2026-02-26T09:11:00","date_gmt":"2026-02-26T08:11:00","guid":{"rendered":"https:\/\/mapetitetouche.fr\/blog\/?p=7515"},"modified":"2026-02-26T09:11:00","modified_gmt":"2026-02-26T08:11:00","slug":"faire-potager-sur-balcon","status":"publish","type":"post","link":"https:\/\/mapetitetouche.fr\/blog\/jardinage-diy\/faire-potager-sur-balcon\/","title":{"rendered":"faire potager sur balcon"},"content":{"rendered":"<div style=\"background: linear-gradient(135deg, #f5f7fa 0%, #e9ecef 100%);border-left: 4px solid #0073aa;padding: 15px 20px;margin: 0 0 25px 0;border-radius: 0 8px 8px 0\">\n<p style=\"margin: 0;font-size: 14px;color: #0073aa;font-weight: 600;text-transform: uppercase;letter-spacing: 1px;margin-bottom: 10px\">\ud83d\udccb En bref<\/p>\n<ul style=\"margin: 0;padding-left: 20px;list-style-type: none\">\n<li style=\"margin: 5px 0;color: #333;font-size: 15px;line-height: 1.5;position: relative;padding-left: 15px\"><span style=\"position: absolute;left: 0;color: #0073aa\">\u25b8<\/span> \u00c9valuez l&#039;exposition solaire de votre balcon pour choisir les l\u00e9gumes adapt\u00e9s et maximiser les r\u00e9coltes. Utilisez des contenants malins et des solutions verticales pour optimiser l&#039;espace de culture. Pr\u00e9parez un substrat drainant et nourrissant pour assurer la sant\u00e9 des plantes en pot.<\/li>\n<\/ul>\n<\/div>\n<h1>Transformez votre balcon en potager productif sans jardin ni exp\u00e9rience<\/h1>\n<h2>\u00c9valuez l&rsquo;exposition solaire de votre balcon pour des r\u00e9coltes optimales<\/h2>\n<p>Nous commen\u00e7ons par observer votre balcon pendant une semaine compl\u00e8te, en notant les heures de soleil effectif entre 9h et 17h, car les l\u00e9gumes comme les tomates exigent au moins <u>6 heures d&rsquo;ensoleillement direct par jour<\/u>. Une exposition sud, id\u00e9ale \u00e0 <strong>Paris intra-muros<\/strong>, convient aux fruits, tandis que mi-ombre nord-ouest favorise les salades tol\u00e9rantes jusqu&rsquo;\u00e0 4 heures de lumi\u00e8re.<\/p>\n<p>Utilisez une application comme <strong>Sun Seeker<\/strong> pour cartographier pr\u00e9cis\u00e9ment l&rsquo;ombre des b\u00e2timents voisins, \u00e9vitant ainsi les \u00e9checs comme ceux rapport\u00e9s par <u>40 % des d\u00e9butants<\/u> en 2023. Nous recommandons un carnet de suivi quotidien pour ajuster les positions des pots au fil des saisons, maximisant les rendements de <strong>20 \u00e0 50 %<\/strong>.<\/p>\n<ul>\n<li><strong>Plein soleil (sud)<\/strong> : tomates cerises &lsquo;Sweet Bite&rsquo;, poivrons &lsquo;California Wonder&rsquo;.<\/li>\n<li><strong>Mi-ombre (est\/ouest)<\/strong> : laitues &lsquo;Freya&rsquo;, \u00e9pinards &lsquo;Monnopa&rsquo;.<\/li>\n<li><strong>Ombre (nord)<\/strong> : persil plat, menthe poivr\u00e9e, roquette sauvage.<\/li>\n<\/ul>\n<h2>Choisissez des contenants malins qui multiplient l&rsquo;espace de votre mini potager<\/h2>\n<p>Optez pour des <strong>jardini\u00e8res fix\u00e9es sur rambarde<\/strong> comme les mod\u00e8les <strong>Elho Buxus<\/strong> de <strong>Elho<\/strong>, entreprise belge sp\u00e9cialis\u00e9e en plastiques recycl\u00e9s, qui supportent jusqu&rsquo;\u00e0 <u>15 kg par m\u00e8tre lin\u00e9aire<\/u> sans percer. Les <strong>pots profonds de 30 cm<\/strong>, tels que les <strong>Terre Cuite Vigor<\/strong> de <strong>Poterie de la Madeleine<\/strong>, conviennent aux carottes &lsquo;Nantes 2&rsquo; qui atteignent 20 cm de profondeur.<\/p>\n<p>Nous privil\u00e9gions les <strong>bacs sur\u00e9lev\u00e9s ergonomiques<\/strong> de <strong>Mon Potager en Carr\u00e9<\/strong>, sur pieds \u00e0 80 cm de hauteur, pour soulager le dos lors des r\u00e9coltes, et les <strong>poches murales<\/strong> comme les <strong>Feltro Pockets<\/strong> de <strong>Gro-Sac<\/strong> qui multiplient l&rsquo;espace vertical par trois sur un mur de 1 m?. Ces choix optimisent <u>70 % de surface au sol<\/u> selon des tests men\u00e9s \u00e0 <strong>Bruxelles<\/strong> en 2024.<\/p>\n<ul>\n<li><strong>Jardini\u00e8res rambarde<\/strong> : pour salades, capacit\u00e9 5 L, fixation rapide.<\/li>\n<li><strong>Pots profonds<\/strong> : 20 L minimum, trous de drainage obligatoires.<\/li>\n<li><strong>Solutions verticales<\/strong> : treillis en filet <strong>Green Garden<\/strong>, jusqu&rsquo;\u00e0 10 plants par m?.<\/li>\n<\/ul>\n<h2>Composez un substrat drainant et nourrissant pour l\u00e9gumes vigoureux en pot<\/h2>\n<p>Pr\u00e9parez un m\u00e9lange pr\u00e9cis \u00e0 <u>50 % terreau universel<\/u> comme le <strong>Terreau Potager Bio<\/strong> de <strong>Neudorff<\/strong>, <u>30 % compost m\u00fbr<\/u> issu de votre lombricomposteur <strong>Vermicomposteur Urban<\/strong>, et <u>20 % sable grossier<\/u> de rivi\u00e8re pour un drainage optimal \u00e9vitant la pourriture racinaire. Ajoutez <u>5 cm de billes d&rsquo;argile<\/u> au fond, comme recommand\u00e9 par <strong>Le Petit Carr\u00e9 Vert<\/strong> depuis 2019.<\/p>\n<p>Terminez par un <strong>paillage en copeaux de lin<\/strong> ou paille de chanvre, limitant l&rsquo;\u00e9vaporation de <u>40 %<\/u>, et int\u00e9grez cinq vers de compost par pot pour activer la vie microbienne. Nous conseillons le <strong>purin d&rsquo;ortie maison<\/strong>, ferment\u00e9 15 jours \u00e0 l&rsquo;abri des odeurs, dilu\u00e9 \u00e0 10 %, pour un boost azot\u00e9 naturel d\u00e8s la troisi\u00e8me semaine.<\/p>\n<ul>\n<li><strong>Terreau universel<\/strong> : riche en humus, pH 6-7.<\/li>\n<li><strong>Compost m\u00fbr<\/strong> : 6 mois minimum de maturation.<\/li>\n<li><strong>Billes d&rsquo;argile<\/strong> : diam\u00e8tre 10 mm, pour a\u00e9ration racinaire.<\/li>\n<\/ul>\n<h2>S\u00e9lectionnez 7 l\u00e9gumes faciles et ultra-productifs pour d\u00e9butants en balcon<\/h2>\n<p>Nous s\u00e9lectionnons des vari\u00e9t\u00e9s compactes comme les <strong>radis &lsquo;French Breakfast&rsquo;<\/strong>, pr\u00eats en 25 jours avec <u>20 plants par m?<\/u>, et les <strong>salades &lsquo;Lollo Bionda&rsquo;<\/strong> r\u00e9sistantes au mildiou, sem\u00e9es de mars \u00e0 octobre sous climat <strong>\u00cele-de-France<\/strong>. Les <strong>tomates cerises &lsquo;Tumbler&rsquo;<\/strong> tutor\u00e9es produisent <u>2 kg par pied<\/u> en pots de 10 L.<\/p>\n<p>Plantez des <strong>courgettes &lsquo;Diamant&rsquo;<\/strong> naines, <u>1 fruit par semaine par plant<\/u>, des <strong>herbes persistantes<\/strong> comme le basilic &lsquo;Mrs Burns Lemon&rsquo;, des <strong>fraisiers &lsquo;Mara des Bois&rsquo;<\/strong> suspendus \u00e0 <u>15 fruits par saison<\/u>, et des <strong>haricots grimpants &lsquo;Cobra&rsquo;<\/strong> sur treillis. Calendrier : semis radis en f\u00e9vrier, tomates en mai, r\u00e9coltes jusqu&rsquo;en novembre avec voile d&rsquo;hivernage.<\/p>\n<ul>\n<li><strong>Radis French Breakfast<\/strong> : cycle 25 jours, semis toute l&rsquo;ann\u00e9e.<\/li>\n<li><strong>Tomates cerises Tumbler<\/strong> : 2 kg\/pied, tuteur de 1,5 m.<\/li>\n<li><strong>Fraisiers Mara des Bois<\/strong> : 15 fruits\/saison, pots suspendus.<\/li>\n<\/ul>\n<h2>Installez une tour verticale pour cultiver 20 plants sur 1 m? seulement<\/h2>\n<p>Montez une <strong>tour verticale Gardena<\/strong>, structure en PVC de <strong>Gardena GmbH<\/strong>, Allemagne, haute de 1,8 m avec 5 poches, id\u00e9ale pour <u>20 plants de haricots nains<\/u> ou petits pois &lsquo;Kelvedon Wonder&rsquo;. Fixez-la contre un mur stable, remplissez de substrat drainant, et installez un treillis int\u00e9gr\u00e9 pour guider la croissance.<\/p>\n<p>Nous effectuons une <strong>taille hivernale<\/strong> en f\u00e9vrier, coupant les rameaux secs pour une ventilation \u00e0 <u>80 %<\/u>, favorisant des r\u00e9coltes de <u>3 kg\/m?<\/u> comme observ\u00e9 \u00e0 <strong>Amsterdam<\/strong> en 2024. Pour les vignes en palmette, espacez les branches de 20 cm, appliquez cendre de bois en mars pour potassium.<\/p>\n<ul>\n<li><strong>Assemblage tour<\/strong> : 30 minutes, vis incluses.<\/li>\n<li><strong>Tuteurage<\/strong> : fil de fer 2 mm, tension 10 kg.<\/li>\n<li><strong>Taille palmette<\/strong> : 2 bourgeons par rameau.<\/li>\n<\/ul>\n<h2>Ma\u00eetrisez l&rsquo;arrosage intelligent avec pots \u00e0 r\u00e9serve et sacs de culture<\/h2>\n<p>Adoptez les <strong>wicking beds auto-arrosants<\/strong> de <strong>SubIrrig<\/strong>, r\u00e9servoir de 5 L pour 10 jours sans arrosage, parfait pour aubergines &lsquo;Black Beauty&rsquo; assoiff\u00e9es. Les <strong>sacs perfor\u00e9s Lechuza<\/strong> de <strong>Lechuza Pon<\/strong>, Allemagne, conviennent aux courges &lsquo;Sweet Lightning&rsquo; et pommes de terre &lsquo;Charlotte&rsquo;, mobiles pour rotation saisonni\u00e8re.<\/p>\n<p>Nous comparons : wicking beds r\u00e9duisent les oublis de <u>90 %<\/u>, sacs perfor\u00e9s pr\u00e9viennent les maladies racinaires en drainant <u>2 L\/jour<\/u>, pots r\u00e9servoirs maintiennent <u>humidit\u00e9 constante \u00e0 60 %<\/u>. Arrosez t\u00f4t le matin, 1 cm\/semaine en \u00e9t\u00e9, pour des racines saines sans stress hydrique.<\/p>\n<ul>\n<li><strong>Wicking beds<\/strong> : r\u00e9servoir int\u00e9gr\u00e9, pour l\u00e9gumes racines.<\/li>\n<li><strong>Sacs perfor\u00e9s<\/strong> : 20 L, pour courges, drainage optimal.<\/li>\n<li><strong>Pots r\u00e9servoirs<\/strong> : indicateur niveau, pour fraisiers.<\/li>\n<\/ul>\n<h2>Prot\u00e9gez votre potager balcon du gel et des nuisibles sans produits chimiques<\/h2>\n<p>Installez des <strong>voiles d&rsquo;hivernage Agryl<\/strong> de <strong>Bonneterre<\/strong>, \u00e9paisseur 17 g\/m?, d\u00e8s 0?C pour prot\u00e9ger jusqu&rsquo;\u00e0 -5?C, comme \u00e0 <strong>Strasbourg<\/strong> en hiver 2024. Les <strong>mini-serres Juliana Junior<\/strong> maintiennent <u>5?C suppl\u00e9mentaires<\/u>, id\u00e9ales pour ail &lsquo;Printanor&rsquo; plant\u00e9 en octobre.<\/p>\n<p>Contre pucerons, pulv\u00e9risez <strong>infusion d&rsquo;ail<\/strong> (50 g\/L, mac\u00e9r\u00e9 24h), efficace \u00e0 <u>85 %<\/u> sur limaces selon tests <strong>INRAE<\/strong> 2023 ; plantez ail en bordure pour barri\u00e8re naturelle. Nous validons ces m\u00e9thodes pour une production saine toute l&rsquo;ann\u00e9e, sans r\u00e9sidus chimiques.<\/p>\n<ul>\n<li><strong>Voiles hivernage<\/strong> : fixation clips, perm\u00e9ables \u00e0 l&rsquo;air.<\/li>\n<li><strong>Infusion ail<\/strong> : hebdomadaire, contre pucerons.<\/li>\n<li><strong>Plantation ail<\/strong> : 10 cm espacement, barri\u00e8re anti-limaces.<\/li>\n<\/ul>\n<h2>Planifiez la rotation des cultures en pots pour un sol fertile sur plusieurs saisons<\/h2>\n<p>Alternez cycles courts : roquette &lsquo;Astro&rsquo; et radis en f\u00e9vrier-avril, puis tomates en mai-ao\u00fbt, \u00e9vitant l&rsquo;\u00e9puisement azot\u00e9 de <u>30 %<\/u> observ\u00e9 sans rotation. R\u00e9novez le terreau annuellement avec <strong>compost liquide Algoflash<\/strong>, dilu\u00e9 5 %, pour restaurer nutriments.<\/p>\n<p>Nous structurons : l\u00e9gumes-feuilles apr\u00e8s racines, l\u00e9gumineuses pour fixer azote, avec suivi calendrier de <strong>Mon Potager en Carr\u00e9<\/strong> adapt\u00e9 aux balcons parisiens. Cette approche assure <u>trois r\u00e9coltes annuelles<\/u> sans perte de fertilit\u00e9.<\/p>\n<ul>\n<li><strong>Cycles courts<\/strong> : roquette, 30 jours, semis successifs.<\/li>\n<li><strong>Alternance tomates-feuilles<\/strong> : repos sol 2 mois.<\/li>\n<li><strong>R\u00e9novation terreau<\/strong> : compost liquide, mars et septembre.<\/li>\n<\/ul>\n<h2>Fertilisez naturellement votre jardin potager urbain avec recettes maison<\/h2>\n<p>Pr\u00e9parez <strong>purin d&rsquo;ortie<\/strong> : 1 kg feuilles fra\u00eeches dans 10 L eau, fermentez 15 jours \u00e0 l&rsquo;ombre, diluez 1\/10 pour arrosage mensuel, boostant croissance de <u>25 %<\/u> sur tomates selon <strong>Le Potager du Citadin<\/strong>. Ajoutez <strong>cendre de bois<\/strong> (100 g\/m?) pour potassium sur fruits en juin.<\/p>\n<p>Utilisez <strong>compost liquide<\/strong> de vers (1 L\/semaine) et <strong>granul\u00e9s organiques Fertilig\u00e8ne<\/strong> de <strong>Fertilig\u00e8ne<\/strong>, sans odeur pour balcons citadins. Nous pr\u00e9conisons ces fertilisants pour une pollution nulle, avec rendements accrus de <u>15-20 %<\/u> en conditions urbaines.<\/p>\n<ul>\n<li><strong>Purin ortie<\/strong> : azote, application foliaire.<\/li>\n<li><strong>Cendre bois<\/strong> : potassium, pour tomates et fraisiers.<\/li>\n<li><strong>Granul\u00e9s organiques<\/strong> : NPK 4-3-6, 50 g\/pot\/mois.<\/li>\n<\/ul>\n<div style=\"background: #e8f4f8;border: 3px solid #0073aa;padding: 20px;margin: 20px 0;border-radius: 8px\">\n<h2 style=\"color: #0073aa;text-align: center;margin-bottom: 15px\">\ud83d\udd27 Ressources Pratiques et Outils<\/h2>\n<div style=\"background: white;padding: 15px;margin: 10px 0;border-left: 4px solid #28a745\">\n<h3 style=\"color: #28a745;margin-bottom: 10px\">\ud83d\udccd Entreprises Sp\u00e9cialis\u00e9es \u00e0 Paris<\/h3>\n<p>Pour transformer votre balcon en potager, vous pouvez faire appel \u00e0 plusieurs entreprises sp\u00e9cialis\u00e9es :<\/p>\n<ul>\n<li><strong>Balcoon<\/strong> : Atelier de design paysager pour balcons, terrasses, rooftops \u00e0 Paris. Site : <a href=\"https:\/\/balcoon.fr\" rel=\"nofollow\">balcoon.fr<\/a><\/li>\n<li><strong>Terrasse &amp; Jardin de Paris<\/strong> : Architecte-paysagiste pour v\u00e9g\u00e9talisation de balcons. Site : <a href=\"https:\/\/terrasseetjardindeparis.com\" rel=\"nofollow\">terrasseetjardindeparis.com<\/a><\/li>\n<li><strong>Pousse<\/strong> : Am\u00e9nagement de jardins et balcons \u00e0 Paris, Bordeaux, Lyon. Site : <a href=\"https:\/\/pousse.fr\" rel=\"nofollow\">pousse.fr<\/a><\/li>\n<li><strong>ALMA Grown in Town<\/strong> : Am\u00e9nagement de balcons et potagers urbains \u00e0 Paris. Site : <a href=\"https:\/\/almagrownintown.fr\" rel=\"nofollow\">almagrownintown.fr<\/a><\/li>\n<li><strong>Le Jardinier de Montmartre<\/strong> : Jardinier paysagiste pour terrasses \u00e0 Paris. Site : <a href=\"https:\/\/www.lejardinierdemontmartre.com\" rel=\"nofollow\">lejardinierdemontmartre.com<\/a><\/li>\n<\/ul>\n<\/div>\n<div style=\"background: white;padding: 15px;margin: 10px 0;border-left: 4px solid #007bff\">\n<h3 style=\"color: #007bff;margin-bottom: 10px\">\ud83d\udee0\ufe0f Outils et Calculateurs<\/h3>\n<p>Aucun outil ou logiciel sp\u00e9cifique n&rsquo;a \u00e9t\u00e9 mentionn\u00e9 dans les donn\u00e9es. Cependant, il est recommand\u00e9 d&rsquo;utiliser des applications comme <strong>Sun Seeker<\/strong> pour \u00e9valuer l&rsquo;exposition solaire de votre balcon.<\/p>\n<\/div>\n<div style=\"background: white;padding: 15px;margin: 10px 0;border-left: 4px solid #6f42c1\">\n<h3 style=\"color: #6f42c1;margin-bottom: 10px\">\ud83d\udc65 Communaut\u00e9 et Experts<\/h3>\n<p>Participez aux ateliers de jardinage propos\u00e9s par <strong>ALMA<\/strong>, qui incluent des sessions sur la permaculture et le rempotage \u00e0 Paris. Plus d&rsquo;infos sur leur site : <a href=\"https:\/\/almagrownintown.fr\" rel=\"nofollow\">almagrownintown.fr<\/a>.<\/p>\n<p>Assistez \u00e9galement \u00e0 l&rsquo;\u00e9v\u00e9nement <strong>Jardins, Jardin 2025<\/strong>, qui se tiendra du 21 au 25 mai 2025 \u00e0 la Villa Windsor \u00e0 Paris, pour rencontrer des experts et d\u00e9couvrir des solutions pour vos projets de jardinage.<\/p>\n<\/div>\n<div style=\"background: #fff3cd;padding: 15px;margin: 15px 0;border: 2px solid #ffc107;border-radius: 5px\">\n<strong style=\"color: #856404\">\ud83d\udca1 R\u00e9sum\u00e9 en 2 lignes :<\/strong><br \/>\n<span>Transformez votre balcon en potager avec l&rsquo;aide d&rsquo;experts parisiens et participez \u00e0 des ateliers pour apprendre les meilleures pratiques de jardinage urbain.<\/span>\n<\/div>\n<\/div>\n","protected":false},"excerpt":{"rendered":"","protected":false},"author":34,"featured_media":7557,"comment_status":"open","ping_status":"open","sticky":false,"template":"","format":"standard","meta":{"_acf_changed":false,"manual_indexmenow":false,"indexmenow_id_project":0,"footnotes":""},"categories":[4523],"tags":[4608,4606,4607],"class_list":["post-7515","post","type-post","status-publish","format-standard","has-post-thumbnail","hentry","category-jardinage-diy","tag-jardin-balcon","tag-potager-balcon","tag-potager-carre","generate-columns","tablet-grid-50","mobile-grid-100","grid-parent","grid-25"],"acf":[],"yoast_head":"<!-- This site is optimized with the Yoast SEO Premium plugin v21.3 (Yoast SEO v26.5) - https:\/\/yoast.com\/wordpress\/plugins\/seo\/ -->\n<title>faire potager sur balcon<\/title>\n<meta name=\"description\" content=\"\u00c9valuez l&#039;exposition solaire de votre balcon pour choisir les l\u00e9gumes adapt\u00e9s et maximiser les r\u00e9coltes.\" \/>\n<meta name=\"robots\" content=\"index, follow, max-snippet:-1, max-image-preview:large, max-video-preview:-1\" \/>\n<link rel=\"canonical\" href=\"https:\/\/mapetitetouche.fr\/blog\/jardinage-diy\/faire-potager-sur-balcon\/\" \/>\n<meta property=\"og:locale\" content=\"fr_FR\" \/>\n<meta property=\"og:type\" content=\"article\" \/>\n<meta property=\"og:title\" content=\"faire potager sur balcon\" \/>\n<meta property=\"og:description\" content=\"\u00c9valuez l&#039;exposition solaire de votre balcon pour choisir les l\u00e9gumes adapt\u00e9s et maximiser les r\u00e9coltes.\" \/>\n<meta property=\"og:url\" content=\"https:\/\/mapetitetouche.fr\/blog\/jardinage-diy\/faire-potager-sur-balcon\/\" \/>\n<meta property=\"og:site_name\" content=\"mapetitetouche\" \/>\n<meta property=\"og:image\" content=\"https:\/\/mapetitetouche.fr\/blog\/wp-content\/uploads\/2026\/02\/sdxl-bc9b84faf4088869f87e8015bc207dd2-scaled.png\" \/>\n\t<meta property=\"og:image:width\" content=\"1200\" \/>\n\t<meta property=\"og:image:height\" content=\"500\" \/>\n\t<meta property=\"og:image:type\" content=\"image\/png\" \/>\n<meta name=\"author\" content=\"Julien P.\" \/>\n<meta name=\"twitter:card\" content=\"summary_large_image\" \/>\n<script type=\"application\/ld+json\" class=\"yoast-schema-graph\">{\"@context\":\"https:\/\/schema.org\",\"@graph\":[{\"@type\":\"NewsArticle\",\"@id\":\"https:\/\/mapetitetouche.fr\/blog\/jardinage-diy\/faire-potager-sur-balcon\/#article\",\"isPartOf\":{\"@id\":\"https:\/\/mapetitetouche.fr\/blog\/jardinage-diy\/faire-potager-sur-balcon\/\"},\"author\":{\"name\":\"Julien P.\",\"@id\":\"https:\/\/mapetitetouche.fr\/blog\/#\/schema\/person\/3c864cdc320801e3db34b663e7e3f816\"},\"headline\":\"faire potager sur balcon\",\"datePublished\":\"2026-02-26T08:11:00+00:00\",\"mainEntityOfPage\":{\"@id\":\"https:\/\/mapetitetouche.fr\/blog\/jardinage-diy\/faire-potager-sur-balcon\/\"},\"wordCount\":1464,\"commentCount\":0,\"publisher\":{\"@id\":\"https:\/\/mapetitetouche.fr\/blog\/#organization\"},\"image\":{\"@id\":\"https:\/\/mapetitetouche.fr\/blog\/jardinage-diy\/faire-potager-sur-balcon\/#primaryimage\"},\"thumbnailUrl\":\"https:\/\/mapetitetouche.fr\/blog\/wp-content\/uploads\/2026\/02\/sdxl-bc9b84faf4088869f87e8015bc207dd2-scaled.png\",\"keywords\":[\"jardin balcon\",\"potager balcon\",\"potager carre\"],\"articleSection\":[\"Jardinage DIY\"],\"inLanguage\":\"fr-FR\",\"potentialAction\":[{\"@type\":\"CommentAction\",\"name\":\"Comment\",\"target\":[\"https:\/\/mapetitetouche.fr\/blog\/jardinage-diy\/faire-potager-sur-balcon\/#respond\"]}]},{\"@type\":\"WebPage\",\"@id\":\"https:\/\/mapetitetouche.fr\/blog\/jardinage-diy\/faire-potager-sur-balcon\/\",\"url\":\"https:\/\/mapetitetouche.fr\/blog\/jardinage-diy\/faire-potager-sur-balcon\/\",\"name\":\"faire potager sur balcon\",\"isPartOf\":{\"@id\":\"https:\/\/mapetitetouche.fr\/blog\/#website\"},\"primaryImageOfPage\":{\"@id\":\"https:\/\/mapetitetouche.fr\/blog\/jardinage-diy\/faire-potager-sur-balcon\/#primaryimage\"},\"image\":{\"@id\":\"https:\/\/mapetitetouche.fr\/blog\/jardinage-diy\/faire-potager-sur-balcon\/#primaryimage\"},\"thumbnailUrl\":\"https:\/\/mapetitetouche.fr\/blog\/wp-content\/uploads\/2026\/02\/sdxl-bc9b84faf4088869f87e8015bc207dd2-scaled.png\",\"datePublished\":\"2026-02-26T08:11:00+00:00\",\"description\":\"\u00c9valuez l'exposition solaire de votre balcon pour choisir les l\u00e9gumes adapt\u00e9s et maximiser les r\u00e9coltes.\",\"inLanguage\":\"fr-FR\",\"potentialAction\":[{\"@type\":\"ReadAction\",\"target\":[\"https:\/\/mapetitetouche.fr\/blog\/jardinage-diy\/faire-potager-sur-balcon\/\"]}]},{\"@type\":\"ImageObject\",\"inLanguage\":\"fr-FR\",\"@id\":\"https:\/\/mapetitetouche.fr\/blog\/jardinage-diy\/faire-potager-sur-balcon\/#primaryimage\",\"url\":\"https:\/\/mapetitetouche.fr\/blog\/wp-content\/uploads\/2026\/02\/sdxl-bc9b84faf4088869f87e8015bc207dd2-scaled.png\",\"contentUrl\":\"https:\/\/mapetitetouche.fr\/blog\/wp-content\/uploads\/2026\/02\/sdxl-bc9b84faf4088869f87e8015bc207dd2-scaled.png\",\"width\":1200,\"height\":500},{\"@type\":\"WebSite\",\"@id\":\"https:\/\/mapetitetouche.fr\/blog\/#website\",\"url\":\"https:\/\/mapetitetouche.fr\/blog\/\",\"name\":\"mapetitetouche.fr\",\"description\":\"Ma Petite Touche, le DIY qui sublime votre quotidien\",\"publisher\":{\"@id\":\"https:\/\/mapetitetouche.fr\/blog\/#organization\"},\"alternateName\":\"Ma Petite Touche, le DIY qui sublime votre quotidien\",\"potentialAction\":[{\"@type\":\"SearchAction\",\"target\":{\"@type\":\"EntryPoint\",\"urlTemplate\":\"https:\/\/mapetitetouche.fr\/blog\/?s={search_term_string}\"},\"query-input\":{\"@type\":\"PropertyValueSpecification\",\"valueRequired\":true,\"valueName\":\"search_term_string\"}}],\"inLanguage\":\"fr-FR\"},{\"@type\":\"Organization\",\"@id\":\"https:\/\/mapetitetouche.fr\/blog\/#organization\",\"name\":\"Foretsensations.fr\",\"url\":\"https:\/\/mapetitetouche.fr\/blog\/\",\"logo\":{\"@type\":\"ImageObject\",\"inLanguage\":\"fr-FR\",\"@id\":\"https:\/\/mapetitetouche.fr\/blog\/#\/schema\/logo\/image\/\",\"url\":\"https:\/\/mapetitetouche.fr\/blog\/wp-content\/uploads\/2024\/12\/MaPetitetouche.png\",\"contentUrl\":\"https:\/\/mapetitetouche.fr\/blog\/wp-content\/uploads\/2024\/12\/MaPetitetouche.png\",\"width\":500,\"height\":500,\"caption\":\"Foretsensations.fr\"},\"image\":{\"@id\":\"https:\/\/mapetitetouche.fr\/blog\/#\/schema\/logo\/image\/\"}},{\"@type\":\"Person\",\"@id\":\"https:\/\/mapetitetouche.fr\/blog\/#\/schema\/person\/3c864cdc320801e3db34b663e7e3f816\",\"name\":\"Julien P.\",\"image\":{\"@type\":\"ImageObject\",\"inLanguage\":\"fr-FR\",\"@id\":\"https:\/\/mapetitetouche.fr\/blog\/#\/schema\/person\/image\/\",\"url\":\"https:\/\/mapetitetouche.fr\/blog\/wp-content\/uploads\/2026\/06\/persona_julien-p-96x96.jpg\",\"contentUrl\":\"https:\/\/mapetitetouche.fr\/blog\/wp-content\/uploads\/2026\/06\/persona_julien-p-96x96.jpg\",\"caption\":\"Julien P.\"},\"description\":\"Bricoleur et jardinier dans l'\u00e2me, j'\u00e9cris sur la maison et ses ext\u00e9rieurs avec les mains dans le cambouis plus que dans les th\u00e9ories. Mon terrain couvre tout l'habitat : le potager et le jardin au fil des saisons, mais aussi les petits travaux, la r\u00e9novation, le bricolage et les m\u00e9tiers du b\u00e2timent \u2014 toiture, isolation, menuiserie, serrurerie, ma\u00e7onnerie. J'aime expliquer un geste technique simplement, donner des fourchettes de prix r\u00e9alistes et les bons crit\u00e8res pour choisir un mat\u00e9riau ou un artisan. Je teste ce que je peux sur mes propres chantiers et au jardin avant d'en parler, je distingue la tradition de ce que confirme l'observation, et je pr\u00e9cise toujours le contexte \u2014 climat, type de sol, configuration du logement \u2014 parce qu'un m\u00eame conseil ne vaut pas partout. Mon but : rendre l'entretien et l'am\u00e9lioration de la maison accessibles, durables et \u00e9conomes.\",\"url\":\"https:\/\/mapetitetouche.fr\/blog\/auteur\/noname\/\",\"jobTitle\":\"R\u00e9dacteur en chef \u00b7 Maison, Jardin & Travaux\",\"knowsAbout\":[\"Maison\",\"Jardin\",\"Travaux\"],\"email\":\"julien.p@endirectdupotager.fr\"}]}<\/script>\n<!-- \/ Yoast SEO Premium plugin. -->","yoast_head_json":{"title":"faire potager sur balcon","description":"\u00c9valuez l'exposition solaire de votre balcon pour choisir les l\u00e9gumes adapt\u00e9s et maximiser les r\u00e9coltes.","robots":{"index":"index","follow":"follow","max-snippet":"max-snippet:-1","max-image-preview":"max-image-preview:large","max-video-preview":"max-video-preview:-1"},"canonical":"https:\/\/mapetitetouche.fr\/blog\/jardinage-diy\/faire-potager-sur-balcon\/","og_locale":"fr_FR","og_type":"article","og_title":"faire potager sur balcon","og_description":"\u00c9valuez l'exposition solaire de votre balcon pour choisir les l\u00e9gumes adapt\u00e9s et maximiser les r\u00e9coltes.","og_url":"https:\/\/mapetitetouche.fr\/blog\/jardinage-diy\/faire-potager-sur-balcon\/","og_site_name":"mapetitetouche","og_image":[{"width":1200,"height":500,"url":"https:\/\/mapetitetouche.fr\/blog\/wp-content\/uploads\/2026\/02\/sdxl-bc9b84faf4088869f87e8015bc207dd2-scaled.png","type":"image\/png"}],"author":"Julien P.","twitter_card":"summary_large_image","schema":{"@context":"https:\/\/schema.org","@graph":[{"@type":"NewsArticle","@id":"https:\/\/mapetitetouche.fr\/blog\/jardinage-diy\/faire-potager-sur-balcon\/#article","isPartOf":{"@id":"https:\/\/mapetitetouche.fr\/blog\/jardinage-diy\/faire-potager-sur-balcon\/"},"author":{"name":"Julien P.","@id":"https:\/\/mapetitetouche.fr\/blog\/#\/schema\/person\/3c864cdc320801e3db34b663e7e3f816"},"headline":"faire potager sur balcon","datePublished":"2026-02-26T08:11:00+00:00","mainEntityOfPage":{"@id":"https:\/\/mapetitetouche.fr\/blog\/jardinage-diy\/faire-potager-sur-balcon\/"},"wordCount":1464,"commentCount":0,"publisher":{"@id":"https:\/\/mapetitetouche.fr\/blog\/#organization"},"image":{"@id":"https:\/\/mapetitetouche.fr\/blog\/jardinage-diy\/faire-potager-sur-balcon\/#primaryimage"},"thumbnailUrl":"https:\/\/mapetitetouche.fr\/blog\/wp-content\/uploads\/2026\/02\/sdxl-bc9b84faf4088869f87e8015bc207dd2-scaled.png","keywords":["jardin balcon","potager balcon","potager carre"],"articleSection":["Jardinage DIY"],"inLanguage":"fr-FR","potentialAction":[{"@type":"CommentAction","name":"Comment","target":["https:\/\/mapetitetouche.fr\/blog\/jardinage-diy\/faire-potager-sur-balcon\/#respond"]}]},{"@type":"WebPage","@id":"https:\/\/mapetitetouche.fr\/blog\/jardinage-diy\/faire-potager-sur-balcon\/","url":"https:\/\/mapetitetouche.fr\/blog\/jardinage-diy\/faire-potager-sur-balcon\/","name":"faire potager sur balcon","isPartOf":{"@id":"https:\/\/mapetitetouche.fr\/blog\/#website"},"primaryImageOfPage":{"@id":"https:\/\/mapetitetouche.fr\/blog\/jardinage-diy\/faire-potager-sur-balcon\/#primaryimage"},"image":{"@id":"https:\/\/mapetitetouche.fr\/blog\/jardinage-diy\/faire-potager-sur-balcon\/#primaryimage"},"thumbnailUrl":"https:\/\/mapetitetouche.fr\/blog\/wp-content\/uploads\/2026\/02\/sdxl-bc9b84faf4088869f87e8015bc207dd2-scaled.png","datePublished":"2026-02-26T08:11:00+00:00","description":"\u00c9valuez l'exposition solaire de votre balcon pour choisir les l\u00e9gumes adapt\u00e9s et maximiser les r\u00e9coltes.","inLanguage":"fr-FR","potentialAction":[{"@type":"ReadAction","target":["https:\/\/mapetitetouche.fr\/blog\/jardinage-diy\/faire-potager-sur-balcon\/"]}]},{"@type":"ImageObject","inLanguage":"fr-FR","@id":"https:\/\/mapetitetouche.fr\/blog\/jardinage-diy\/faire-potager-sur-balcon\/#primaryimage","url":"https:\/\/mapetitetouche.fr\/blog\/wp-content\/uploads\/2026\/02\/sdxl-bc9b84faf4088869f87e8015bc207dd2-scaled.png","contentUrl":"https:\/\/mapetitetouche.fr\/blog\/wp-content\/uploads\/2026\/02\/sdxl-bc9b84faf4088869f87e8015bc207dd2-scaled.png","width":1200,"height":500},{"@type":"WebSite","@id":"https:\/\/mapetitetouche.fr\/blog\/#website","url":"https:\/\/mapetitetouche.fr\/blog\/","name":"mapetitetouche.fr","description":"Ma Petite Touche, le DIY qui sublime votre quotidien","publisher":{"@id":"https:\/\/mapetitetouche.fr\/blog\/#organization"},"alternateName":"Ma Petite Touche, le DIY qui sublime votre quotidien","potentialAction":[{"@type":"SearchAction","target":{"@type":"EntryPoint","urlTemplate":"https:\/\/mapetitetouche.fr\/blog\/?s={search_term_string}"},"query-input":{"@type":"PropertyValueSpecification","valueRequired":true,"valueName":"search_term_string"}}],"inLanguage":"fr-FR"},{"@type":"Organization","@id":"https:\/\/mapetitetouche.fr\/blog\/#organization","name":"Foretsensations.fr","url":"https:\/\/mapetitetouche.fr\/blog\/","logo":{"@type":"ImageObject","inLanguage":"fr-FR","@id":"https:\/\/mapetitetouche.fr\/blog\/#\/schema\/logo\/image\/","url":"https:\/\/mapetitetouche.fr\/blog\/wp-content\/uploads\/2024\/12\/MaPetitetouche.png","contentUrl":"https:\/\/mapetitetouche.fr\/blog\/wp-content\/uploads\/2024\/12\/MaPetitetouche.png","width":500,"height":500,"caption":"Foretsensations.fr"},"image":{"@id":"https:\/\/mapetitetouche.fr\/blog\/#\/schema\/logo\/image\/"}},{"@type":"Person","@id":"https:\/\/mapetitetouche.fr\/blog\/#\/schema\/person\/3c864cdc320801e3db34b663e7e3f816","name":"Julien P.","image":{"@type":"ImageObject","inLanguage":"fr-FR","@id":"https:\/\/mapetitetouche.fr\/blog\/#\/schema\/person\/image\/","url":"https:\/\/mapetitetouche.fr\/blog\/wp-content\/uploads\/2026\/06\/persona_julien-p-96x96.jpg","contentUrl":"https:\/\/mapetitetouche.fr\/blog\/wp-content\/uploads\/2026\/06\/persona_julien-p-96x96.jpg","caption":"Julien P."},"description":"Bricoleur et jardinier dans l'\u00e2me, j'\u00e9cris sur la maison et ses ext\u00e9rieurs avec les mains dans le cambouis plus que dans les th\u00e9ories. Mon terrain couvre tout l'habitat : le potager et le jardin au fil des saisons, mais aussi les petits travaux, la r\u00e9novation, le bricolage et les m\u00e9tiers du b\u00e2timent \u2014 toiture, isolation, menuiserie, serrurerie, ma\u00e7onnerie. J'aime expliquer un geste technique simplement, donner des fourchettes de prix r\u00e9alistes et les bons crit\u00e8res pour choisir un mat\u00e9riau ou un artisan. Je teste ce que je peux sur mes propres chantiers et au jardin avant d'en parler, je distingue la tradition de ce que confirme l'observation, et je pr\u00e9cise toujours le contexte \u2014 climat, type de sol, configuration du logement \u2014 parce qu'un m\u00eame conseil ne vaut pas partout. Mon but : rendre l'entretien et l'am\u00e9lioration de la maison accessibles, durables et \u00e9conomes.","url":"https:\/\/mapetitetouche.fr\/blog\/auteur\/noname\/","jobTitle":"R\u00e9dacteur en chef \u00b7 Maison, Jardin & Travaux","knowsAbout":["Maison","Jardin","Travaux"],"email":"julien.p@endirectdupotager.fr"}]}},"_links":{"self":[{"href":"https:\/\/mapetitetouche.fr\/blog\/wp-json\/wp\/v2\/posts\/7515","targetHints":{"allow":["GET"]}}],"collection":[{"href":"https:\/\/mapetitetouche.fr\/blog\/wp-json\/wp\/v2\/posts"}],"about":[{"href":"https:\/\/mapetitetouche.fr\/blog\/wp-json\/wp\/v2\/types\/post"}],"author":[{"embeddable":true,"href":"https:\/\/mapetitetouche.fr\/blog\/wp-json\/wp\/v2\/users\/34"}],"replies":[{"embeddable":true,"href":"https:\/\/mapetitetouche.fr\/blog\/wp-json\/wp\/v2\/comments?post=7515"}],"version-history":[{"count":1,"href":"https:\/\/mapetitetouche.fr\/blog\/wp-json\/wp\/v2\/posts\/7515\/revisions"}],"predecessor-version":[{"id":7556,"href":"https:\/\/mapetitetouche.fr\/blog\/wp-json\/wp\/v2\/posts\/7515\/revisions\/7556"}],"wp:featuredmedia":[{"embeddable":true,"href":"https:\/\/mapetitetouche.fr\/blog\/wp-json\/wp\/v2\/media\/7557"}],"wp:attachment":[{"href":"https:\/\/mapetitetouche.fr\/blog\/wp-json\/wp\/v2\/media?parent=7515"}],"wp:term":[{"taxonomy":"category","embeddable":true,"href":"https:\/\/mapetitetouche.fr\/blog\/wp-json\/wp\/v2\/categories?post=7515"},{"taxonomy":"post_tag","embeddable":true,"href":"https:\/\/mapetitetouche.fr\/blog\/wp-json\/wp\/v2\/tags?post=7515"}],"curies":[{"name":"wp","href":"https:\/\/api.w.org\/{rel}","templated":true}]}}