{"id":7569,"date":"2025-12-13T09:00:00","date_gmt":"2025-12-13T09:00:00","guid":{"rendered":"https:\/\/mapetitetouche.fr\/blog\/articles\/pelle-electrique\/"},"modified":"2025-12-13T09:00:00","modified_gmt":"2025-12-13T09:00:00","slug":"pelle-electrique","status":"publish","type":"post","link":"https:\/\/mapetitetouche.fr\/blog\/articles\/pelle-electrique\/","title":{"rendered":"Pelle \u00e9lectrique : Top mod\u00e8les et prix 2026"},"content":{"rendered":"<p>L\u2019int\u00e9r\u00eat croissant pour les <strong>pelles \u00e9lectriques<\/strong> en 2026 s\u2019explique par leur efficacit\u00e9 et leur impact environnemental r\u00e9duit. Ces outils de jardinage et de construction facilitent le creusage, le nivellement et le d\u00e9placement de mat\u00e9riaux sans l\u2019effort physique exig\u00e9 par les pelles manuelles. Cependant, de nombreux utilisateurs commettent des erreurs lors de leur choix ou de leur utilisation. Cet article vous aidera \u00e0 \u00e9viter ces pi\u00e8ges tout en pr\u00e9sentant les mod\u00e8les phares du march\u00e9 et leurs prix.<\/p>\n<h2>Pourquoi choisir une pelle \u00e9lectrique ?<\/h2>\n<p>Les pelles \u00e9lectriques offrent plusieurs avantages, notamment :<\/p>\n<ul>\n<li><strong>Efficacit\u00e9<\/strong> : Elles permettent d\u2019accomplir des t\u00e2ches en un temps record.<\/li>\n<li><strong>\u00c9conomie d\u2019\u00e9nergie<\/strong> : Moins fatigantes que les pelles manuelles, elles r\u00e9duisent le risque de blessures.<\/li>\n<li><strong>Impact environnemental<\/strong> : De nombreux mod\u00e8les fonctionnent sur batterie, limitant ainsi les \u00e9missions de CO2.<\/li>\n<\/ul>\n<h3>Erreurs fr\u00e9quentes lors de l\u2019achat<\/h3>\n<ol>\n<li>\n<strong>Ne pas v\u00e9rifier la puissance<\/strong><br \/>\n   La puissance d\u2019une pelle \u00e9lectrique est cruciale pour d\u00e9terminer son efficacit\u00e9. Par exemple, un mod\u00e8le avec une puissance de 1500 W peut d\u00e9placer jusqu\u2019\u00e0 300 kg de terre par heure, tandis qu\u2019un mod\u00e8le \u00e0 1000 W ne d\u00e9placera qu\u2019environ 200 kg.\n<\/li>\n<li>\n<strong>Ignorer l\u2019autonomie<\/strong><br \/>\n   L\u2019autonomie d\u2019une pelle \u00e9lectrique d\u00e9pend souvent de la capacit\u00e9 de sa batterie. Un mod\u00e8le avec une batterie de 20 Ah peut fonctionner jusqu\u2019\u00e0 3 heures en continu, alors qu\u2019un mod\u00e8le moins performant avec une batterie de 10 Ah ne durera qu\u2019une heure.\n<\/li>\n<li>\n<strong>Choisir un mod\u00e8le inadapt\u00e9 \u00e0 l\u2019usage<\/strong><br \/>\n   Certaines pelles sont con\u00e7ues pour des travaux l\u00e9gers (jardinage) tandis que d\u2019autres conviennent aux chantiers lourds. Ne pas adapter votre choix \u00e0 vos besoins peut entra\u00eener des d\u00e9ceptions.\n<\/li>\n<\/ol>\n<h2>Mod\u00e8les recommand\u00e9s en 2026<\/h2>\n<p>Voici un tableau comparatif des meilleurs mod\u00e8les disponibles sur le march\u00e9 :<\/p>\n<table class=\"kwdbank-table\">\n<thead>\n<tr>\n<th>Mod\u00e8le<\/th>\n<th>Puissance (W)<\/th>\n<th>Autonomie (h)<\/th>\n<th>Poids (kg)<\/th>\n<th>Prix (\u20ac)<\/th>\n<\/tr>\n<\/thead>\n<tbody>\n<tr>\n<td>Pelle A<\/td>\n<td>1500<\/td>\n<td>3<\/td>\n<td>8<\/td>\n<td>250<\/td>\n<\/tr>\n<tr>\n<td>Pelle B<\/td>\n<td>1200<\/td>\n<td>2<\/td>\n<td>7<\/td>\n<td>200<\/td>\n<\/tr>\n<tr>\n<td>Pelle C<\/td>\n<td>1800<\/td>\n<td>4<\/td>\n<td>9<\/td>\n<td>300<\/td>\n<\/tr>\n<\/tbody>\n<\/table>\n<h3>Caract\u00e9ristiques essentielles \u00e0 consid\u00e9rer<\/h3>\n<ul>\n<li><strong>Poids et maniabilit\u00e9<\/strong> : Un poids l\u00e9ger facilite l\u2019utilisation prolong\u00e9e.<\/li>\n<li><strong>Type de batterie<\/strong> : Les batteries lithium-ion sont pr\u00e9f\u00e9rables pour leur long\u00e9vit\u00e9.<\/li>\n<li><strong>Accessoires inclus<\/strong> : Certains mod\u00e8les viennent avec des accessoires qui augmentent leur polyvalence.<\/li>\n<\/ul>\n<h2>Pi\u00e8ges \u00e0 \u00e9viter lors de l\u2019utilisation<\/h2>\n<p>Une erreur courante est d\u2019utiliser la pelle sur des surfaces inappropri\u00e9es. Par exemple, tenter d\u2019utiliser une pelle con\u00e7ue pour la terre sur du b\u00e9ton peut endommager l\u2019outil et r\u00e9duire sa dur\u00e9e de vie. Assurez-vous toujours que votre appareil est adapt\u00e9 au type de sol sur lequel vous travaillez.<\/p>\n<h2>Entretien et maintenance<\/h2>\n<p>Pour maximiser la long\u00e9vit\u00e9 de votre pelle \u00e9lectrique :<\/p>\n<ul>\n<li><strong>Nettoyez r\u00e9guli\u00e8rement l\u2019outil<\/strong> apr\u00e8s utilisation pour \u00e9viter l\u2019accumulation de d\u00e9bris.<\/li>\n<li><strong>V\u00e9rifiez la batterie<\/strong> avant chaque utilisation pour garantir une performance optimale.<\/li>\n<li><strong>Rangez-la dans un endroit sec<\/strong> afin d\u2019\u00e9viter toute corrosion ou d\u00e9gradation des composants \u00e9lectroniques.<\/li>\n<\/ul>\n<h2>FAQ<\/h2>\n<h3>Quelle est la diff\u00e9rence entre une pelle \u00e9lectrique et une pelle manuelle ?<\/h3>\n<p>Une pelle \u00e9lectrique utilise un moteur pour faciliter le creusage et le transport des mat\u00e9riaux, tandis qu\u2019une pelle manuelle n\u00e9cessite un effort physique pour effectuer ces t\u00e2ches.<\/p>\n<h3>Quel type de sol puis-je travailler avec une pelle \u00e9lectrique ?<\/h3>\n<p>La plupart des pelles \u00e9lectriques sont con\u00e7ues pour travailler sur des sols meubles comme la terre ou le sable. \u00c9vitez les surfaces dures comme le b\u00e9ton sans v\u00e9rification pr\u00e9alable.<\/p>\n<h3>Combien co\u00fbte une bonne pelle \u00e9lectrique ?<\/h3>\n<p>Les prix varient entre 200 \u20ac et 300 \u20ac, selon la puissance et les fonctionnalit\u00e9s offertes.<\/p>\n<h3>Comment prolonger la dur\u00e9e de vie d\u2019une pelle \u00e9lectrique ?<\/h3>\n<p>Un entretien r\u00e9gulier, incluant nettoyage et v\u00e9rification des batteries, contribue \u00e0 prolonger la dur\u00e9e de vie de votre outil.<\/p>\n<h3>Puis-je utiliser ma pelle \u00e9lectrique sous la pluie ?<\/h3>\n<p>Il est recommand\u00e9 d\u2019\u00e9viter l\u2019utilisation en conditions humides pour pr\u00e9venir les risques \u00e9lectriques et endommager l\u2019appareil.<\/p>\n<h3>O\u00f9 acheter une pelle \u00e9lectrique ?<\/h3>\n<p>Vous pouvez trouver des pelles \u00e9lectriques dans les magasins sp\u00e9cialis\u00e9s en jardinage ou en ligne sur des plateformes comme Amazon ou Leroy Merlin.<\/p>\n<p>En \u00e9vitant ces erreurs courantes et en choisissant judicieusement votre mod\u00e8le, vous pourrez tirer pleinement parti des avantages offerts par les pelles \u00e9lectriques tout en pr\u00e9servant votre investissement.<\/p>\n","protected":false},"excerpt":{"rendered":"","protected":false},"author":34,"featured_media":999999999,"comment_status":"open","ping_status":"open","sticky":false,"template":"","format":"standard","meta":{"_acf_changed":false,"manual_indexmenow":false,"indexmenow_id_project":0,"footnotes":""},"categories":[4615],"tags":[],"class_list":["post-7569","post","type-post","status-publish","format-standard","has-post-thumbnail","hentry","category-articles","generate-columns","tablet-grid-50","mobile-grid-100","grid-parent","grid-25"],"acf":[],"yoast_head":"<!-- This site is optimized with the Yoast SEO Premium plugin v21.3 (Yoast SEO v26.5) - https:\/\/yoast.com\/wordpress\/plugins\/seo\/ -->\n<title>Pelle \u00e9lectrique : Top mod\u00e8les et prix 2026<\/title>\n<meta name=\"description\" content=\"L\u2019int\u00e9r\u00eat croissant pour les pelles \u00e9lectriques en 2026 s\u2019explique par leur efficacit\u00e9 et leur impact environnemental r\u00e9duit.\" \/>\n<meta name=\"robots\" content=\"index, follow, max-snippet:-1, max-image-preview:large, max-video-preview:-1\" \/>\n<link rel=\"canonical\" href=\"https:\/\/mapetitetouche.fr\/blog\/articles\/pelle-electrique\/\" \/>\n<meta property=\"og:locale\" content=\"fr_FR\" \/>\n<meta property=\"og:type\" content=\"article\" \/>\n<meta property=\"og:title\" content=\"Pelle \u00e9lectrique : Top mod\u00e8les et prix 2026\" \/>\n<meta property=\"og:description\" content=\"L\u2019int\u00e9r\u00eat croissant pour les pelles \u00e9lectriques en 2026 s\u2019explique par leur efficacit\u00e9 et leur impact environnemental r\u00e9duit.\" \/>\n<meta property=\"og:url\" content=\"https:\/\/mapetitetouche.fr\/blog\/articles\/pelle-electrique\/\" \/>\n<meta property=\"og:site_name\" content=\"mapetitetouche\" \/>\n<meta name=\"author\" content=\"Julien P.\" \/>\n<meta name=\"twitter:card\" content=\"summary_large_image\" \/>\n<script type=\"application\/ld+json\" class=\"yoast-schema-graph\">{\"@context\":\"https:\/\/schema.org\",\"@graph\":[{\"@type\":\"NewsArticle\",\"@id\":\"https:\/\/mapetitetouche.fr\/blog\/articles\/pelle-electrique\/#article\",\"isPartOf\":{\"@id\":\"https:\/\/mapetitetouche.fr\/blog\/articles\/pelle-electrique\/\"},\"author\":{\"name\":\"Julien P.\",\"@id\":\"https:\/\/mapetitetouche.fr\/blog\/#\/schema\/person\/3c864cdc320801e3db34b663e7e3f816\"},\"headline\":\"Pelle \u00e9lectrique : Top mod\u00e8les et prix 2026\",\"datePublished\":\"2025-12-13T09:00:00+00:00\",\"mainEntityOfPage\":{\"@id\":\"https:\/\/mapetitetouche.fr\/blog\/articles\/pelle-electrique\/\"},\"wordCount\":715,\"commentCount\":0,\"publisher\":{\"@id\":\"https:\/\/mapetitetouche.fr\/blog\/#organization\"},\"image\":{\"@id\":\"https:\/\/mapetitetouche.fr\/blog\/articles\/pelle-electrique\/#primaryimage\"},\"thumbnailUrl\":\"https:\/\/images.pexels.com\/photos\/34194564\/pexels-photo-34194564.jpeg?auto=compress&cs=tinysrgb&fit=crop&h=627&w=1200\",\"articleSection\":[\"Articles\"],\"inLanguage\":\"fr-FR\",\"potentialAction\":[{\"@type\":\"CommentAction\",\"name\":\"Comment\",\"target\":[\"https:\/\/mapetitetouche.fr\/blog\/articles\/pelle-electrique\/#respond\"]}]},{\"@type\":\"WebPage\",\"@id\":\"https:\/\/mapetitetouche.fr\/blog\/articles\/pelle-electrique\/\",\"url\":\"https:\/\/mapetitetouche.fr\/blog\/articles\/pelle-electrique\/\",\"name\":\"Pelle \u00e9lectrique : Top mod\u00e8les et prix 2026\",\"isPartOf\":{\"@id\":\"https:\/\/mapetitetouche.fr\/blog\/#website\"},\"primaryImageOfPage\":{\"@id\":\"https:\/\/mapetitetouche.fr\/blog\/articles\/pelle-electrique\/#primaryimage\"},\"image\":{\"@id\":\"https:\/\/mapetitetouche.fr\/blog\/articles\/pelle-electrique\/#primaryimage\"},\"thumbnailUrl\":\"https:\/\/images.pexels.com\/photos\/34194564\/pexels-photo-34194564.jpeg?auto=compress&cs=tinysrgb&fit=crop&h=627&w=1200\",\"datePublished\":\"2025-12-13T09:00:00+00:00\",\"description\":\"L\u2019int\u00e9r\u00eat croissant pour les pelles \u00e9lectriques en 2026 s\u2019explique par leur efficacit\u00e9 et leur impact environnemental r\u00e9duit.\",\"inLanguage\":\"fr-FR\",\"potentialAction\":[{\"@type\":\"ReadAction\",\"target\":[\"https:\/\/mapetitetouche.fr\/blog\/articles\/pelle-electrique\/\"]}]},{\"@type\":\"ImageObject\",\"inLanguage\":\"fr-FR\",\"@id\":\"https:\/\/mapetitetouche.fr\/blog\/articles\/pelle-electrique\/#primaryimage\",\"url\":\"https:\/\/images.pexels.com\/photos\/34194564\/pexels-photo-34194564.jpeg?auto=compress&cs=tinysrgb&fit=crop&h=627&w=1200\",\"contentUrl\":\"https:\/\/images.pexels.com\/photos\/34194564\/pexels-photo-34194564.jpeg?auto=compress&cs=tinysrgb&fit=crop&h=627&w=1200\"},{\"@type\":\"WebSite\",\"@id\":\"https:\/\/mapetitetouche.fr\/blog\/#website\",\"url\":\"https:\/\/mapetitetouche.fr\/blog\/\",\"name\":\"mapetitetouche.fr\",\"description\":\"Ma Petite Touche, le DIY qui sublime votre quotidien\",\"publisher\":{\"@id\":\"https:\/\/mapetitetouche.fr\/blog\/#organization\"},\"alternateName\":\"Ma Petite Touche, le DIY qui sublime votre quotidien\",\"potentialAction\":[{\"@type\":\"SearchAction\",\"target\":{\"@type\":\"EntryPoint\",\"urlTemplate\":\"https:\/\/mapetitetouche.fr\/blog\/?s={search_term_string}\"},\"query-input\":{\"@type\":\"PropertyValueSpecification\",\"valueRequired\":true,\"valueName\":\"search_term_string\"}}],\"inLanguage\":\"fr-FR\"},{\"@type\":\"Organization\",\"@id\":\"https:\/\/mapetitetouche.fr\/blog\/#organization\",\"name\":\"Foretsensations.fr\",\"url\":\"https:\/\/mapetitetouche.fr\/blog\/\",\"logo\":{\"@type\":\"ImageObject\",\"inLanguage\":\"fr-FR\",\"@id\":\"https:\/\/mapetitetouche.fr\/blog\/#\/schema\/logo\/image\/\",\"url\":\"https:\/\/mapetitetouche.fr\/blog\/wp-content\/uploads\/2024\/12\/MaPetitetouche.png\",\"contentUrl\":\"https:\/\/mapetitetouche.fr\/blog\/wp-content\/uploads\/2024\/12\/MaPetitetouche.png\",\"width\":500,\"height\":500,\"caption\":\"Foretsensations.fr\"},\"image\":{\"@id\":\"https:\/\/mapetitetouche.fr\/blog\/#\/schema\/logo\/image\/\"}},{\"@type\":\"Person\",\"@id\":\"https:\/\/mapetitetouche.fr\/blog\/#\/schema\/person\/3c864cdc320801e3db34b663e7e3f816\",\"name\":\"Julien P.\",\"image\":{\"@type\":\"ImageObject\",\"inLanguage\":\"fr-FR\",\"@id\":\"https:\/\/mapetitetouche.fr\/blog\/#\/schema\/person\/image\/\",\"url\":\"https:\/\/mapetitetouche.fr\/blog\/wp-content\/uploads\/2026\/06\/persona_julien-p-96x96.jpg\",\"contentUrl\":\"https:\/\/mapetitetouche.fr\/blog\/wp-content\/uploads\/2026\/06\/persona_julien-p-96x96.jpg\",\"caption\":\"Julien P.\"},\"description\":\"Bricoleur et jardinier dans l'\u00e2me, j'\u00e9cris sur la maison et ses ext\u00e9rieurs avec les mains dans le cambouis plus que dans les th\u00e9ories. Mon terrain couvre tout l'habitat : le potager et le jardin au fil des saisons, mais aussi les petits travaux, la r\u00e9novation, le bricolage et les m\u00e9tiers du b\u00e2timent \u2014 toiture, isolation, menuiserie, serrurerie, ma\u00e7onnerie. J'aime expliquer un geste technique simplement, donner des fourchettes de prix r\u00e9alistes et les bons crit\u00e8res pour choisir un mat\u00e9riau ou un artisan. Je teste ce que je peux sur mes propres chantiers et au jardin avant d'en parler, je distingue la tradition de ce que confirme l'observation, et je pr\u00e9cise toujours le contexte \u2014 climat, type de sol, configuration du logement \u2014 parce qu'un m\u00eame conseil ne vaut pas partout. Mon but : rendre l'entretien et l'am\u00e9lioration de la maison accessibles, durables et \u00e9conomes.\",\"url\":\"https:\/\/mapetitetouche.fr\/blog\/auteur\/noname\/\",\"jobTitle\":\"R\u00e9dacteur en chef \u00b7 Maison, Jardin & Travaux\",\"knowsAbout\":[\"Maison\",\"Jardin\",\"Travaux\"],\"email\":\"julien.p@endirectdupotager.fr\"}]}<\/script>\n<!-- \/ Yoast SEO Premium plugin. -->","yoast_head_json":{"title":"Pelle \u00e9lectrique : Top mod\u00e8les et prix 2026","description":"L\u2019int\u00e9r\u00eat croissant pour les pelles \u00e9lectriques en 2026 s\u2019explique par leur efficacit\u00e9 et leur impact environnemental r\u00e9duit.","robots":{"index":"index","follow":"follow","max-snippet":"max-snippet:-1","max-image-preview":"max-image-preview:large","max-video-preview":"max-video-preview:-1"},"canonical":"https:\/\/mapetitetouche.fr\/blog\/articles\/pelle-electrique\/","og_locale":"fr_FR","og_type":"article","og_title":"Pelle \u00e9lectrique : Top mod\u00e8les et prix 2026","og_description":"L\u2019int\u00e9r\u00eat croissant pour les pelles \u00e9lectriques en 2026 s\u2019explique par leur efficacit\u00e9 et leur impact environnemental r\u00e9duit.","og_url":"https:\/\/mapetitetouche.fr\/blog\/articles\/pelle-electrique\/","og_site_name":"mapetitetouche","author":"Julien P.","twitter_card":"summary_large_image","schema":{"@context":"https:\/\/schema.org","@graph":[{"@type":"NewsArticle","@id":"https:\/\/mapetitetouche.fr\/blog\/articles\/pelle-electrique\/#article","isPartOf":{"@id":"https:\/\/mapetitetouche.fr\/blog\/articles\/pelle-electrique\/"},"author":{"name":"Julien P.","@id":"https:\/\/mapetitetouche.fr\/blog\/#\/schema\/person\/3c864cdc320801e3db34b663e7e3f816"},"headline":"Pelle \u00e9lectrique : Top mod\u00e8les et prix 2026","datePublished":"2025-12-13T09:00:00+00:00","mainEntityOfPage":{"@id":"https:\/\/mapetitetouche.fr\/blog\/articles\/pelle-electrique\/"},"wordCount":715,"commentCount":0,"publisher":{"@id":"https:\/\/mapetitetouche.fr\/blog\/#organization"},"image":{"@id":"https:\/\/mapetitetouche.fr\/blog\/articles\/pelle-electrique\/#primaryimage"},"thumbnailUrl":"https:\/\/images.pexels.com\/photos\/34194564\/pexels-photo-34194564.jpeg?auto=compress&cs=tinysrgb&fit=crop&h=627&w=1200","articleSection":["Articles"],"inLanguage":"fr-FR","potentialAction":[{"@type":"CommentAction","name":"Comment","target":["https:\/\/mapetitetouche.fr\/blog\/articles\/pelle-electrique\/#respond"]}]},{"@type":"WebPage","@id":"https:\/\/mapetitetouche.fr\/blog\/articles\/pelle-electrique\/","url":"https:\/\/mapetitetouche.fr\/blog\/articles\/pelle-electrique\/","name":"Pelle \u00e9lectrique : Top mod\u00e8les et prix 2026","isPartOf":{"@id":"https:\/\/mapetitetouche.fr\/blog\/#website"},"primaryImageOfPage":{"@id":"https:\/\/mapetitetouche.fr\/blog\/articles\/pelle-electrique\/#primaryimage"},"image":{"@id":"https:\/\/mapetitetouche.fr\/blog\/articles\/pelle-electrique\/#primaryimage"},"thumbnailUrl":"https:\/\/images.pexels.com\/photos\/34194564\/pexels-photo-34194564.jpeg?auto=compress&cs=tinysrgb&fit=crop&h=627&w=1200","datePublished":"2025-12-13T09:00:00+00:00","description":"L\u2019int\u00e9r\u00eat croissant pour les pelles \u00e9lectriques en 2026 s\u2019explique par leur efficacit\u00e9 et leur impact environnemental r\u00e9duit.","inLanguage":"fr-FR","potentialAction":[{"@type":"ReadAction","target":["https:\/\/mapetitetouche.fr\/blog\/articles\/pelle-electrique\/"]}]},{"@type":"ImageObject","inLanguage":"fr-FR","@id":"https:\/\/mapetitetouche.fr\/blog\/articles\/pelle-electrique\/#primaryimage","url":"https:\/\/images.pexels.com\/photos\/34194564\/pexels-photo-34194564.jpeg?auto=compress&cs=tinysrgb&fit=crop&h=627&w=1200","contentUrl":"https:\/\/images.pexels.com\/photos\/34194564\/pexels-photo-34194564.jpeg?auto=compress&cs=tinysrgb&fit=crop&h=627&w=1200"},{"@type":"WebSite","@id":"https:\/\/mapetitetouche.fr\/blog\/#website","url":"https:\/\/mapetitetouche.fr\/blog\/","name":"mapetitetouche.fr","description":"Ma Petite Touche, le DIY qui sublime votre quotidien","publisher":{"@id":"https:\/\/mapetitetouche.fr\/blog\/#organization"},"alternateName":"Ma Petite Touche, le DIY qui sublime votre quotidien","potentialAction":[{"@type":"SearchAction","target":{"@type":"EntryPoint","urlTemplate":"https:\/\/mapetitetouche.fr\/blog\/?s={search_term_string}"},"query-input":{"@type":"PropertyValueSpecification","valueRequired":true,"valueName":"search_term_string"}}],"inLanguage":"fr-FR"},{"@type":"Organization","@id":"https:\/\/mapetitetouche.fr\/blog\/#organization","name":"Foretsensations.fr","url":"https:\/\/mapetitetouche.fr\/blog\/","logo":{"@type":"ImageObject","inLanguage":"fr-FR","@id":"https:\/\/mapetitetouche.fr\/blog\/#\/schema\/logo\/image\/","url":"https:\/\/mapetitetouche.fr\/blog\/wp-content\/uploads\/2024\/12\/MaPetitetouche.png","contentUrl":"https:\/\/mapetitetouche.fr\/blog\/wp-content\/uploads\/2024\/12\/MaPetitetouche.png","width":500,"height":500,"caption":"Foretsensations.fr"},"image":{"@id":"https:\/\/mapetitetouche.fr\/blog\/#\/schema\/logo\/image\/"}},{"@type":"Person","@id":"https:\/\/mapetitetouche.fr\/blog\/#\/schema\/person\/3c864cdc320801e3db34b663e7e3f816","name":"Julien P.","image":{"@type":"ImageObject","inLanguage":"fr-FR","@id":"https:\/\/mapetitetouche.fr\/blog\/#\/schema\/person\/image\/","url":"https:\/\/mapetitetouche.fr\/blog\/wp-content\/uploads\/2026\/06\/persona_julien-p-96x96.jpg","contentUrl":"https:\/\/mapetitetouche.fr\/blog\/wp-content\/uploads\/2026\/06\/persona_julien-p-96x96.jpg","caption":"Julien P."},"description":"Bricoleur et jardinier dans l'\u00e2me, j'\u00e9cris sur la maison et ses ext\u00e9rieurs avec les mains dans le cambouis plus que dans les th\u00e9ories. Mon terrain couvre tout l'habitat : le potager et le jardin au fil des saisons, mais aussi les petits travaux, la r\u00e9novation, le bricolage et les m\u00e9tiers du b\u00e2timent \u2014 toiture, isolation, menuiserie, serrurerie, ma\u00e7onnerie. J'aime expliquer un geste technique simplement, donner des fourchettes de prix r\u00e9alistes et les bons crit\u00e8res pour choisir un mat\u00e9riau ou un artisan. Je teste ce que je peux sur mes propres chantiers et au jardin avant d'en parler, je distingue la tradition de ce que confirme l'observation, et je pr\u00e9cise toujours le contexte \u2014 climat, type de sol, configuration du logement \u2014 parce qu'un m\u00eame conseil ne vaut pas partout. Mon but : rendre l'entretien et l'am\u00e9lioration de la maison accessibles, durables et \u00e9conomes.","url":"https:\/\/mapetitetouche.fr\/blog\/auteur\/noname\/","jobTitle":"R\u00e9dacteur en chef \u00b7 Maison, Jardin & Travaux","knowsAbout":["Maison","Jardin","Travaux"],"email":"julien.p@endirectdupotager.fr"}]}},"_links":{"self":[{"href":"https:\/\/mapetitetouche.fr\/blog\/wp-json\/wp\/v2\/posts\/7569","targetHints":{"allow":["GET"]}}],"collection":[{"href":"https:\/\/mapetitetouche.fr\/blog\/wp-json\/wp\/v2\/posts"}],"about":[{"href":"https:\/\/mapetitetouche.fr\/blog\/wp-json\/wp\/v2\/types\/post"}],"author":[{"embeddable":true,"href":"https:\/\/mapetitetouche.fr\/blog\/wp-json\/wp\/v2\/users\/34"}],"replies":[{"embeddable":true,"href":"https:\/\/mapetitetouche.fr\/blog\/wp-json\/wp\/v2\/comments?post=7569"}],"version-history":[{"count":0,"href":"https:\/\/mapetitetouche.fr\/blog\/wp-json\/wp\/v2\/posts\/7569\/revisions"}],"wp:attachment":[{"href":"https:\/\/mapetitetouche.fr\/blog\/wp-json\/wp\/v2\/media?parent=7569"}],"wp:term":[{"taxonomy":"category","embeddable":true,"href":"https:\/\/mapetitetouche.fr\/blog\/wp-json\/wp\/v2\/categories?post=7569"},{"taxonomy":"post_tag","embeddable":true,"href":"https:\/\/mapetitetouche.fr\/blog\/wp-json\/wp\/v2\/tags?post=7569"}],"curies":[{"name":"wp","href":"https:\/\/api.w.org\/{rel}","templated":true}]}}