{"id":7586,"date":"2026-05-01T09:00:00","date_gmt":"2026-05-01T09:00:00","guid":{"rendered":"https:\/\/mapetitetouche.fr\/blog\/?p=7586"},"modified":"2026-05-01T09:00:00","modified_gmt":"2026-05-01T09:00:00","slug":"bosch-professional","status":"publish","type":"post","link":"https:\/\/mapetitetouche.fr\/blog\/articles\/bosch-professional\/","title":{"rendered":"Bosch Professional : Outils Pro Prix 2026"},"content":{"rendered":"<p>Bosch Professional est une r\u00e9f\u00e9rence incontournable dans le domaine des outils \u00e9lectroportatifs destin\u00e9s aux professionnels. En 2026, la gamme continue d\u2019\u00e9voluer avec des innovations technologiques et des prix comp\u00e9titifs, r\u00e9pondant aux besoins vari\u00e9s des artisans, entrepreneurs et bricoleurs exigeants. Cet article vous pr\u00e9sente les derni\u00e8res nouveaut\u00e9s, les prix des outils Bosch Professional, ainsi que des conseils pratiques pour choisir le bon \u00e9quipement.<\/p>\n<h2>Qu\u2019est-ce que Bosch Professional ?<\/h2>\n<p>Bosch Professional est la division B2B de Bosch, sp\u00e9cialis\u00e9e dans la fabrication d\u2019outils \u00e9lectroportatifs, d\u2019accessoires et de solutions pour les professionnels. La marque se distingue par sa qualit\u00e9, sa durabilit\u00e9 et ses performances \u00e9lev\u00e9es. Avec une large gamme incluant perceuses, scies, meuleuses et plus encore, Bosch s\u2019adresse \u00e0 divers secteurs tels que la construction, l\u2019\u00e9lectricit\u00e9 et la plomberie.<\/p>\n<h2>Nouveaut\u00e9s de la gamme en 2026<\/h2>\n<h3>Outils phares<\/h3>\n<ol>\n<li>\n<strong>Perceuse-visseuse GSR 18V-150<\/strong><\/p>\n<ul>\n<li><strong>Caract\u00e9ristiques<\/strong> : Couple max de 150 Nm, vitesse variable.<\/li>\n<li><strong>Prix<\/strong> : Environ 199 \u20ac.<\/li>\n<li><strong>Utilisation<\/strong> : Id\u00e9ale pour percer dans diff\u00e9rents mat\u00e9riaux comme le bois et le m\u00e9tal.<\/li>\n<\/ul>\n<\/li>\n<li>\n<strong>Scie circulaire GKS 18V-57<\/strong><\/p>\n<ul>\n<li><strong>Caract\u00e9ristiques<\/strong> : Profondeur de coupe jusqu\u2019\u00e0 57 mm.<\/li>\n<li><strong>Prix<\/strong> : Environ 299 \u20ac.<\/li>\n<li><strong>Utilisation<\/strong> : Parfaite pour les coupes pr\u00e9cises sur panneaux de bois.<\/li>\n<\/ul>\n<\/li>\n<li>\n<strong>Meuleuse GWS 18V-125<\/strong><\/p>\n<ul>\n<li><strong>Caract\u00e9ristiques<\/strong> : Puissance de 18V avec un disque de 125 mm.<\/li>\n<li><strong>Prix<\/strong> : Environ 149 \u20ac.<\/li>\n<li><strong>Utilisation<\/strong> : Pour le meulage et le d\u00e9coupage de m\u00e9taux.<\/li>\n<\/ul>\n<\/li>\n<\/ol>\n<h3>Table des prix des outils Bosch Professional<\/h3>\n<table class=\"kwdbank-table\">\n<thead>\n<tr>\n<th>Outil<\/th>\n<th>Prix (en \u20ac)<\/th>\n<th>Caract\u00e9ristiques cl\u00e9s<\/th>\n<\/tr>\n<\/thead>\n<tbody>\n<tr>\n<td>Perceuse-visseuse GSR 18V-150<\/td>\n<td>199<\/td>\n<td>Couple max de 150 Nm<\/td>\n<\/tr>\n<tr>\n<td>Scie circulaire GKS 18V-57<\/td>\n<td>299<\/td>\n<td>Profondeur de coupe jusqu\u2019\u00e0 57 mm<\/td>\n<\/tr>\n<tr>\n<td>Meuleuse GWS 18V-125<\/td>\n<td>149<\/td>\n<td>Disque de 125 mm<\/td>\n<\/tr>\n<tr>\n<td>Ponceuse GEX 12V-125<\/td>\n<td>129<\/td>\n<td>Ponceuse orbitale avec batterie<\/td>\n<\/tr>\n<tr>\n<td>D\u00e9fonceuse GOF 18V-LI<\/td>\n<td>379<\/td>\n<td>Pr\u00e9cision dans les travaux du bois<\/td>\n<\/tr>\n<\/tbody>\n<\/table>\n<h2>Choisir les bons outils Bosch Professional<\/h2>\n<h3>Crit\u00e8res \u00e0 consid\u00e9rer<\/h3>\n<ol>\n<li><strong>Type d\u2019utilisation<\/strong> : Identifiez si vous avez besoin d\u2019outils pour des travaux l\u00e9gers ou lourds.<\/li>\n<li><strong>Autonomie des batteries<\/strong> : Pr\u00e9f\u00e9rez les mod\u00e8les avec batteries lithium-ion pour une meilleure performance.<\/li>\n<li><strong>Accessoires compatibles<\/strong> : Assurez-vous que l\u2019outil choisi dispose d\u2019une large gamme d\u2019accessoires disponibles sur le march\u00e9.<\/li>\n<\/ol>\n<h3>Erreur \u00e0 \u00e9viter<\/h3>\n<p>Ne pas tenir compte des besoins sp\u00e9cifiques de votre m\u00e9tier peut conduire \u00e0 un achat inadapt\u00e9. Par exemple, choisir une perceuse visseuse trop l\u00e9g\u00e8re pour un usage intensif peut entra\u00eener une usure rapide et donc un co\u00fbt suppl\u00e9mentaire \u00e0 long terme.<\/p>\n<h2>\u00c9conomiser sur vos achats Bosch Professional<\/h2>\n<h3>Promotions et offres sp\u00e9ciales<\/h3>\n<p>Surveillez r\u00e9guli\u00e8rement les promotions sur les sites sp\u00e9cialis\u00e9s ou chez vos revendeurs locaux. En p\u00e9riode de soldes ou lors d\u2019\u00e9v\u00e9nements comme la F\u00eate du Travail, il est possible de b\u00e9n\u00e9ficier de r\u00e9ductions allant jusqu\u2019\u00e0 20 % sur certains mod\u00e8les.<\/p>\n<h3>Programmes de fid\u00e9lit\u00e9<\/h3>\n<p>Certaines enseignes proposent des programmes de fid\u00e9lit\u00e9 qui permettent d\u2019accumuler des points \u00e0 chaque achat. Ces points peuvent ensuite \u00eatre \u00e9chang\u00e9s contre des r\u00e9ductions ou m\u00eame des outils gratuits.<\/p>\n<h2>O\u00f9 acheter vos outils Bosch Professional ?<\/h2>\n<p>Les outils Bosch Professional sont disponibles dans divers points de vente :<\/p>\n<ul>\n<li><strong>Magasins sp\u00e9cialis\u00e9s en bricolage<\/strong> : Leroy Merlin, Castorama<\/li>\n<li><strong>Sites e-commerce<\/strong> : Amazon, ManoMano<\/li>\n<li><strong>Revendeurs agr\u00e9\u00e9s Bosch<\/strong><\/li>\n<\/ul>\n<p>Avant tout achat en ligne, comparez les prix et v\u00e9rifiez les frais d\u2019exp\u00e9dition pour maximiser votre budget.<\/p>\n<h2>FAQ<\/h2>\n<h3>Quels sont les avantages des outils Bosch Professional ?<\/h3>\n<p>Les outils Bosch Professional se distinguent par leur robustesse, leur technologie avanc\u00e9e et leur ergonomie adapt\u00e9e aux professionnels.<\/p>\n<h3>Quelle est la dur\u00e9e de vie moyenne d\u2019une batterie Bosch ?<\/h3>\n<p>En g\u00e9n\u00e9ral, une batterie lithium-ion peut durer entre trois \u00e0 cinq ans selon l\u2019utilisation et l\u2019entretien.<\/p>\n<h3>Les outils Bosch sont-ils garantis ?<\/h3>\n<p>Oui, Bosch offre g\u00e9n\u00e9ralement une garantie standard de deux ans sur ses produits professionnels.<\/p>\n<h3>Comment entretenir mes outils Bosch Professional ?<\/h3>\n<p>Un entretien r\u00e9gulier consiste \u00e0 nettoyer vos outils apr\u00e8s chaque utilisation et \u00e0 v\u00e9rifier l\u2019\u00e9tat des batteries ainsi que les accessoires.<\/p>\n<h3>O\u00f9 trouver les pi\u00e8ces d\u00e9tach\u00e9es pour mes outils ?<\/h3>\n<p>Les pi\u00e8ces d\u00e9tach\u00e9es sont disponibles aupr\u00e8s des revendeurs agr\u00e9\u00e9s ou directement sur le site officiel de Bosch.<\/p>\n<p>Envisagez d\u00e8s maintenant l\u2019achat ou le renouvellement de vos \u00e9quipements avec Bosch Professional pour b\u00e9n\u00e9ficier d\u2019outils fiables qui r\u00e9pondent parfaitement \u00e0 vos exigences professionnelles.<\/p>\n","protected":false},"excerpt":{"rendered":"","protected":false},"author":34,"featured_media":7664,"comment_status":"open","ping_status":"open","sticky":false,"template":"","format":"standard","meta":{"_acf_changed":false,"manual_indexmenow":false,"indexmenow_id_project":0,"footnotes":""},"categories":[4615],"tags":[],"class_list":["post-7586","post","type-post","status-publish","format-standard","has-post-thumbnail","hentry","category-articles","generate-columns","tablet-grid-50","mobile-grid-100","grid-parent","grid-25"],"acf":[],"yoast_head":"<!-- This site is optimized with the Yoast SEO Premium plugin v21.3 (Yoast SEO v26.5) - https:\/\/yoast.com\/wordpress\/plugins\/seo\/ -->\n<title>Bosch Professional : Outils Pro Prix 2026<\/title>\n<meta name=\"description\" content=\"Bosch Professional est une r\u00e9f\u00e9rence incontournable dans le domaine des outils \u00e9lectroportatifs destin\u00e9s aux professionnels.\" \/>\n<meta name=\"robots\" content=\"index, follow, max-snippet:-1, max-image-preview:large, max-video-preview:-1\" \/>\n<link rel=\"canonical\" href=\"https:\/\/mapetitetouche.fr\/blog\/articles\/bosch-professional\/\" \/>\n<meta property=\"og:locale\" content=\"fr_FR\" \/>\n<meta property=\"og:type\" content=\"article\" \/>\n<meta property=\"og:title\" content=\"Bosch Professional : Outils Pro Prix 2026\" \/>\n<meta property=\"og:description\" content=\"Bosch Professional est une r\u00e9f\u00e9rence incontournable dans le domaine des outils \u00e9lectroportatifs destin\u00e9s aux professionnels.\" \/>\n<meta property=\"og:url\" content=\"https:\/\/mapetitetouche.fr\/blog\/articles\/bosch-professional\/\" \/>\n<meta property=\"og:site_name\" content=\"mapetitetouche\" \/>\n<meta property=\"og:image\" content=\"https:\/\/mapetitetouche.fr\/blog\/wp-content\/uploads\/2026\/05\/sdxl-971fbf67114a82b4b88d29c4c32ed6bb-scaled.png\" \/>\n\t<meta property=\"og:image:width\" content=\"1200\" \/>\n\t<meta property=\"og:image:height\" content=\"500\" \/>\n\t<meta property=\"og:image:type\" content=\"image\/png\" \/>\n<meta name=\"author\" content=\"Julien P.\" \/>\n<meta name=\"twitter:card\" content=\"summary_large_image\" \/>\n<script type=\"application\/ld+json\" class=\"yoast-schema-graph\">{\"@context\":\"https:\/\/schema.org\",\"@graph\":[{\"@type\":\"NewsArticle\",\"@id\":\"https:\/\/mapetitetouche.fr\/blog\/articles\/bosch-professional\/#article\",\"isPartOf\":{\"@id\":\"https:\/\/mapetitetouche.fr\/blog\/articles\/bosch-professional\/\"},\"author\":{\"name\":\"Julien P.\",\"@id\":\"https:\/\/mapetitetouche.fr\/blog\/#\/schema\/person\/3c864cdc320801e3db34b663e7e3f816\"},\"headline\":\"Bosch Professional : Outils Pro Prix 2026\",\"datePublished\":\"2026-05-01T09:00:00+00:00\",\"mainEntityOfPage\":{\"@id\":\"https:\/\/mapetitetouche.fr\/blog\/articles\/bosch-professional\/\"},\"wordCount\":720,\"commentCount\":0,\"publisher\":{\"@id\":\"https:\/\/mapetitetouche.fr\/blog\/#organization\"},\"image\":{\"@id\":\"https:\/\/mapetitetouche.fr\/blog\/articles\/bosch-professional\/#primaryimage\"},\"thumbnailUrl\":\"https:\/\/mapetitetouche.fr\/blog\/wp-content\/uploads\/2026\/05\/sdxl-971fbf67114a82b4b88d29c4c32ed6bb-scaled.png\",\"articleSection\":[\"Articles\"],\"inLanguage\":\"fr-FR\",\"potentialAction\":[{\"@type\":\"CommentAction\",\"name\":\"Comment\",\"target\":[\"https:\/\/mapetitetouche.fr\/blog\/articles\/bosch-professional\/#respond\"]}]},{\"@type\":\"WebPage\",\"@id\":\"https:\/\/mapetitetouche.fr\/blog\/articles\/bosch-professional\/\",\"url\":\"https:\/\/mapetitetouche.fr\/blog\/articles\/bosch-professional\/\",\"name\":\"Bosch Professional : Outils Pro Prix 2026\",\"isPartOf\":{\"@id\":\"https:\/\/mapetitetouche.fr\/blog\/#website\"},\"primaryImageOfPage\":{\"@id\":\"https:\/\/mapetitetouche.fr\/blog\/articles\/bosch-professional\/#primaryimage\"},\"image\":{\"@id\":\"https:\/\/mapetitetouche.fr\/blog\/articles\/bosch-professional\/#primaryimage\"},\"thumbnailUrl\":\"https:\/\/mapetitetouche.fr\/blog\/wp-content\/uploads\/2026\/05\/sdxl-971fbf67114a82b4b88d29c4c32ed6bb-scaled.png\",\"datePublished\":\"2026-05-01T09:00:00+00:00\",\"description\":\"Bosch Professional est une r\u00e9f\u00e9rence incontournable dans le domaine des outils \u00e9lectroportatifs destin\u00e9s aux professionnels.\",\"inLanguage\":\"fr-FR\",\"potentialAction\":[{\"@type\":\"ReadAction\",\"target\":[\"https:\/\/mapetitetouche.fr\/blog\/articles\/bosch-professional\/\"]}]},{\"@type\":\"ImageObject\",\"inLanguage\":\"fr-FR\",\"@id\":\"https:\/\/mapetitetouche.fr\/blog\/articles\/bosch-professional\/#primaryimage\",\"url\":\"https:\/\/mapetitetouche.fr\/blog\/wp-content\/uploads\/2026\/05\/sdxl-971fbf67114a82b4b88d29c4c32ed6bb-scaled.png\",\"contentUrl\":\"https:\/\/mapetitetouche.fr\/blog\/wp-content\/uploads\/2026\/05\/sdxl-971fbf67114a82b4b88d29c4c32ed6bb-scaled.png\",\"width\":1200,\"height\":500},{\"@type\":\"WebSite\",\"@id\":\"https:\/\/mapetitetouche.fr\/blog\/#website\",\"url\":\"https:\/\/mapetitetouche.fr\/blog\/\",\"name\":\"mapetitetouche.fr\",\"description\":\"Ma Petite Touche, le DIY qui sublime votre quotidien\",\"publisher\":{\"@id\":\"https:\/\/mapetitetouche.fr\/blog\/#organization\"},\"alternateName\":\"Ma Petite Touche, le DIY qui sublime votre quotidien\",\"potentialAction\":[{\"@type\":\"SearchAction\",\"target\":{\"@type\":\"EntryPoint\",\"urlTemplate\":\"https:\/\/mapetitetouche.fr\/blog\/?s={search_term_string}\"},\"query-input\":{\"@type\":\"PropertyValueSpecification\",\"valueRequired\":true,\"valueName\":\"search_term_string\"}}],\"inLanguage\":\"fr-FR\"},{\"@type\":\"Organization\",\"@id\":\"https:\/\/mapetitetouche.fr\/blog\/#organization\",\"name\":\"Foretsensations.fr\",\"url\":\"https:\/\/mapetitetouche.fr\/blog\/\",\"logo\":{\"@type\":\"ImageObject\",\"inLanguage\":\"fr-FR\",\"@id\":\"https:\/\/mapetitetouche.fr\/blog\/#\/schema\/logo\/image\/\",\"url\":\"https:\/\/mapetitetouche.fr\/blog\/wp-content\/uploads\/2024\/12\/MaPetitetouche.png\",\"contentUrl\":\"https:\/\/mapetitetouche.fr\/blog\/wp-content\/uploads\/2024\/12\/MaPetitetouche.png\",\"width\":500,\"height\":500,\"caption\":\"Foretsensations.fr\"},\"image\":{\"@id\":\"https:\/\/mapetitetouche.fr\/blog\/#\/schema\/logo\/image\/\"}},{\"@type\":\"Person\",\"@id\":\"https:\/\/mapetitetouche.fr\/blog\/#\/schema\/person\/3c864cdc320801e3db34b663e7e3f816\",\"name\":\"Julien P.\",\"image\":{\"@type\":\"ImageObject\",\"inLanguage\":\"fr-FR\",\"@id\":\"https:\/\/mapetitetouche.fr\/blog\/#\/schema\/person\/image\/\",\"url\":\"https:\/\/mapetitetouche.fr\/blog\/wp-content\/uploads\/2026\/06\/persona_julien-p-96x96.jpg\",\"contentUrl\":\"https:\/\/mapetitetouche.fr\/blog\/wp-content\/uploads\/2026\/06\/persona_julien-p-96x96.jpg\",\"caption\":\"Julien P.\"},\"description\":\"Bricoleur et jardinier dans l'\u00e2me, j'\u00e9cris sur la maison et ses ext\u00e9rieurs avec les mains dans le cambouis plus que dans les th\u00e9ories. Mon terrain couvre tout l'habitat : le potager et le jardin au fil des saisons, mais aussi les petits travaux, la r\u00e9novation, le bricolage et les m\u00e9tiers du b\u00e2timent \u2014 toiture, isolation, menuiserie, serrurerie, ma\u00e7onnerie. J'aime expliquer un geste technique simplement, donner des fourchettes de prix r\u00e9alistes et les bons crit\u00e8res pour choisir un mat\u00e9riau ou un artisan. Je teste ce que je peux sur mes propres chantiers et au jardin avant d'en parler, je distingue la tradition de ce que confirme l'observation, et je pr\u00e9cise toujours le contexte \u2014 climat, type de sol, configuration du logement \u2014 parce qu'un m\u00eame conseil ne vaut pas partout. Mon but : rendre l'entretien et l'am\u00e9lioration de la maison accessibles, durables et \u00e9conomes.\",\"url\":\"https:\/\/mapetitetouche.fr\/blog\/auteur\/noname\/\",\"jobTitle\":\"R\u00e9dacteur en chef \u00b7 Maison, Jardin & Travaux\",\"knowsAbout\":[\"Maison\",\"Jardin\",\"Travaux\"],\"email\":\"julien.p@endirectdupotager.fr\"}]}<\/script>\n<!-- \/ Yoast SEO Premium plugin. -->","yoast_head_json":{"title":"Bosch Professional : Outils Pro Prix 2026","description":"Bosch Professional est une r\u00e9f\u00e9rence incontournable dans le domaine des outils \u00e9lectroportatifs destin\u00e9s aux professionnels.","robots":{"index":"index","follow":"follow","max-snippet":"max-snippet:-1","max-image-preview":"max-image-preview:large","max-video-preview":"max-video-preview:-1"},"canonical":"https:\/\/mapetitetouche.fr\/blog\/articles\/bosch-professional\/","og_locale":"fr_FR","og_type":"article","og_title":"Bosch Professional : Outils Pro Prix 2026","og_description":"Bosch Professional est une r\u00e9f\u00e9rence incontournable dans le domaine des outils \u00e9lectroportatifs destin\u00e9s aux professionnels.","og_url":"https:\/\/mapetitetouche.fr\/blog\/articles\/bosch-professional\/","og_site_name":"mapetitetouche","og_image":[{"width":1200,"height":500,"url":"https:\/\/mapetitetouche.fr\/blog\/wp-content\/uploads\/2026\/05\/sdxl-971fbf67114a82b4b88d29c4c32ed6bb-scaled.png","type":"image\/png"}],"author":"Julien P.","twitter_card":"summary_large_image","schema":{"@context":"https:\/\/schema.org","@graph":[{"@type":"NewsArticle","@id":"https:\/\/mapetitetouche.fr\/blog\/articles\/bosch-professional\/#article","isPartOf":{"@id":"https:\/\/mapetitetouche.fr\/blog\/articles\/bosch-professional\/"},"author":{"name":"Julien P.","@id":"https:\/\/mapetitetouche.fr\/blog\/#\/schema\/person\/3c864cdc320801e3db34b663e7e3f816"},"headline":"Bosch Professional : Outils Pro Prix 2026","datePublished":"2026-05-01T09:00:00+00:00","mainEntityOfPage":{"@id":"https:\/\/mapetitetouche.fr\/blog\/articles\/bosch-professional\/"},"wordCount":720,"commentCount":0,"publisher":{"@id":"https:\/\/mapetitetouche.fr\/blog\/#organization"},"image":{"@id":"https:\/\/mapetitetouche.fr\/blog\/articles\/bosch-professional\/#primaryimage"},"thumbnailUrl":"https:\/\/mapetitetouche.fr\/blog\/wp-content\/uploads\/2026\/05\/sdxl-971fbf67114a82b4b88d29c4c32ed6bb-scaled.png","articleSection":["Articles"],"inLanguage":"fr-FR","potentialAction":[{"@type":"CommentAction","name":"Comment","target":["https:\/\/mapetitetouche.fr\/blog\/articles\/bosch-professional\/#respond"]}]},{"@type":"WebPage","@id":"https:\/\/mapetitetouche.fr\/blog\/articles\/bosch-professional\/","url":"https:\/\/mapetitetouche.fr\/blog\/articles\/bosch-professional\/","name":"Bosch Professional : Outils Pro Prix 2026","isPartOf":{"@id":"https:\/\/mapetitetouche.fr\/blog\/#website"},"primaryImageOfPage":{"@id":"https:\/\/mapetitetouche.fr\/blog\/articles\/bosch-professional\/#primaryimage"},"image":{"@id":"https:\/\/mapetitetouche.fr\/blog\/articles\/bosch-professional\/#primaryimage"},"thumbnailUrl":"https:\/\/mapetitetouche.fr\/blog\/wp-content\/uploads\/2026\/05\/sdxl-971fbf67114a82b4b88d29c4c32ed6bb-scaled.png","datePublished":"2026-05-01T09:00:00+00:00","description":"Bosch Professional est une r\u00e9f\u00e9rence incontournable dans le domaine des outils \u00e9lectroportatifs destin\u00e9s aux professionnels.","inLanguage":"fr-FR","potentialAction":[{"@type":"ReadAction","target":["https:\/\/mapetitetouche.fr\/blog\/articles\/bosch-professional\/"]}]},{"@type":"ImageObject","inLanguage":"fr-FR","@id":"https:\/\/mapetitetouche.fr\/blog\/articles\/bosch-professional\/#primaryimage","url":"https:\/\/mapetitetouche.fr\/blog\/wp-content\/uploads\/2026\/05\/sdxl-971fbf67114a82b4b88d29c4c32ed6bb-scaled.png","contentUrl":"https:\/\/mapetitetouche.fr\/blog\/wp-content\/uploads\/2026\/05\/sdxl-971fbf67114a82b4b88d29c4c32ed6bb-scaled.png","width":1200,"height":500},{"@type":"WebSite","@id":"https:\/\/mapetitetouche.fr\/blog\/#website","url":"https:\/\/mapetitetouche.fr\/blog\/","name":"mapetitetouche.fr","description":"Ma Petite Touche, le DIY qui sublime votre quotidien","publisher":{"@id":"https:\/\/mapetitetouche.fr\/blog\/#organization"},"alternateName":"Ma Petite Touche, le DIY qui sublime votre quotidien","potentialAction":[{"@type":"SearchAction","target":{"@type":"EntryPoint","urlTemplate":"https:\/\/mapetitetouche.fr\/blog\/?s={search_term_string}"},"query-input":{"@type":"PropertyValueSpecification","valueRequired":true,"valueName":"search_term_string"}}],"inLanguage":"fr-FR"},{"@type":"Organization","@id":"https:\/\/mapetitetouche.fr\/blog\/#organization","name":"Foretsensations.fr","url":"https:\/\/mapetitetouche.fr\/blog\/","logo":{"@type":"ImageObject","inLanguage":"fr-FR","@id":"https:\/\/mapetitetouche.fr\/blog\/#\/schema\/logo\/image\/","url":"https:\/\/mapetitetouche.fr\/blog\/wp-content\/uploads\/2024\/12\/MaPetitetouche.png","contentUrl":"https:\/\/mapetitetouche.fr\/blog\/wp-content\/uploads\/2024\/12\/MaPetitetouche.png","width":500,"height":500,"caption":"Foretsensations.fr"},"image":{"@id":"https:\/\/mapetitetouche.fr\/blog\/#\/schema\/logo\/image\/"}},{"@type":"Person","@id":"https:\/\/mapetitetouche.fr\/blog\/#\/schema\/person\/3c864cdc320801e3db34b663e7e3f816","name":"Julien P.","image":{"@type":"ImageObject","inLanguage":"fr-FR","@id":"https:\/\/mapetitetouche.fr\/blog\/#\/schema\/person\/image\/","url":"https:\/\/mapetitetouche.fr\/blog\/wp-content\/uploads\/2026\/06\/persona_julien-p-96x96.jpg","contentUrl":"https:\/\/mapetitetouche.fr\/blog\/wp-content\/uploads\/2026\/06\/persona_julien-p-96x96.jpg","caption":"Julien P."},"description":"Bricoleur et jardinier dans l'\u00e2me, j'\u00e9cris sur la maison et ses ext\u00e9rieurs avec les mains dans le cambouis plus que dans les th\u00e9ories. Mon terrain couvre tout l'habitat : le potager et le jardin au fil des saisons, mais aussi les petits travaux, la r\u00e9novation, le bricolage et les m\u00e9tiers du b\u00e2timent \u2014 toiture, isolation, menuiserie, serrurerie, ma\u00e7onnerie. J'aime expliquer un geste technique simplement, donner des fourchettes de prix r\u00e9alistes et les bons crit\u00e8res pour choisir un mat\u00e9riau ou un artisan. Je teste ce que je peux sur mes propres chantiers et au jardin avant d'en parler, je distingue la tradition de ce que confirme l'observation, et je pr\u00e9cise toujours le contexte \u2014 climat, type de sol, configuration du logement \u2014 parce qu'un m\u00eame conseil ne vaut pas partout. Mon but : rendre l'entretien et l'am\u00e9lioration de la maison accessibles, durables et \u00e9conomes.","url":"https:\/\/mapetitetouche.fr\/blog\/auteur\/noname\/","jobTitle":"R\u00e9dacteur en chef \u00b7 Maison, Jardin & Travaux","knowsAbout":["Maison","Jardin","Travaux"],"email":"julien.p@endirectdupotager.fr"}]}},"_links":{"self":[{"href":"https:\/\/mapetitetouche.fr\/blog\/wp-json\/wp\/v2\/posts\/7586","targetHints":{"allow":["GET"]}}],"collection":[{"href":"https:\/\/mapetitetouche.fr\/blog\/wp-json\/wp\/v2\/posts"}],"about":[{"href":"https:\/\/mapetitetouche.fr\/blog\/wp-json\/wp\/v2\/types\/post"}],"author":[{"embeddable":true,"href":"https:\/\/mapetitetouche.fr\/blog\/wp-json\/wp\/v2\/users\/34"}],"replies":[{"embeddable":true,"href":"https:\/\/mapetitetouche.fr\/blog\/wp-json\/wp\/v2\/comments?post=7586"}],"version-history":[{"count":1,"href":"https:\/\/mapetitetouche.fr\/blog\/wp-json\/wp\/v2\/posts\/7586\/revisions"}],"predecessor-version":[{"id":7649,"href":"https:\/\/mapetitetouche.fr\/blog\/wp-json\/wp\/v2\/posts\/7586\/revisions\/7649"}],"wp:featuredmedia":[{"embeddable":true,"href":"https:\/\/mapetitetouche.fr\/blog\/wp-json\/wp\/v2\/media\/7664"}],"wp:attachment":[{"href":"https:\/\/mapetitetouche.fr\/blog\/wp-json\/wp\/v2\/media?parent=7586"}],"wp:term":[{"taxonomy":"category","embeddable":true,"href":"https:\/\/mapetitetouche.fr\/blog\/wp-json\/wp\/v2\/categories?post=7586"},{"taxonomy":"post_tag","embeddable":true,"href":"https:\/\/mapetitetouche.fr\/blog\/wp-json\/wp\/v2\/tags?post=7586"}],"curies":[{"name":"wp","href":"https:\/\/api.w.org\/{rel}","templated":true}]}}