{"id":7604,"date":"2026-05-19T09:00:00","date_gmt":"2026-05-19T09:00:00","guid":{"rendered":"https:\/\/mapetitetouche.fr\/blog\/?p=7604"},"modified":"2026-05-19T09:00:00","modified_gmt":"2026-05-19T09:00:00","slug":"mafell","status":"publish","type":"post","link":"https:\/\/mapetitetouche.fr\/blog\/articles\/mafell\/","title":{"rendered":"Mafell : Top outils pro 2026 prix &#038; avis"},"content":{"rendered":"<p>Mafell est une marque allemande r\u00e9put\u00e9e pour ses outils \u00e9lectroportatifs de haute qualit\u00e9, con\u00e7us principalement pour les professionnels du b\u00e2timent et du bois. En 2026, elle continue d\u2019innover avec une gamme d\u2019outils qui allie performance, durabilit\u00e9 et pr\u00e9cision. Cet article pr\u00e9sente les meilleurs outils Mafell disponibles cette ann\u00e9e, leurs prix et des avis concrets pour vous aider \u00e0 faire un choix \u00e9clair\u00e9.<\/p>\n<h2>Les outils phares de Mafell en 2026<\/h2>\n<h3>Scie circulaire Mafell KSS 300<\/h3>\n<p>La scie circulaire KSS 300 est l\u2019un des mod\u00e8les embl\u00e9matiques de Mafell. Elle est particuli\u00e8rement appr\u00e9ci\u00e9e pour sa l\u00e9g\u00e8ret\u00e9 et sa maniabilit\u00e9.<\/p>\n<ul>\n<li>\n<strong>Caract\u00e9ristiques<\/strong> :<\/p>\n<ul>\n<li>Profondeur de coupe : jusqu\u2019\u00e0 65 mm<\/li>\n<li>Poids : 3,8 kg<\/li>\n<li>Alimentation : batterie Li-Ion 36 V<\/li>\n<\/ul>\n<\/li>\n<li>\n<strong>Prix<\/strong> : Environ 699 \u20ac.\n<\/li>\n<\/ul>\n<p>Cette scie permet de r\u00e9aliser des coupes pr\u00e9cises gr\u00e2ce \u00e0 son guide int\u00e9gr\u00e9. De plus, elle est \u00e9quip\u00e9e d\u2019un moteur puissant qui assure une performance constante m\u00eame sur des mat\u00e9riaux \u00e9pais.<\/p>\n<h3>D\u00e9fonceuse Mafell MF 26<\/h3>\n<p>La d\u00e9fonceuse MF 26 est id\u00e9ale pour les travaux de finition et d\u2019usinage.<\/p>\n<ul>\n<li>\n<strong>Caract\u00e9ristiques<\/strong> :<\/p>\n<ul>\n<li>Puissance : 1 400 W<\/li>\n<li>Vitesse variable : de 10 000 \u00e0 24 000 tr\/min<\/li>\n<li>Profondeur de fraisage : jusqu\u2019\u00e0 70 mm<\/li>\n<\/ul>\n<\/li>\n<li>\n<strong>Prix<\/strong> : Environ 549 \u20ac.\n<\/li>\n<\/ul>\n<p>Les utilisateurs soulignent la pr\u00e9cision de cet outil, ainsi que son ergonomie qui permet une prise en main confortable lors des longues sessions de travail.<\/p>\n<h2>Comparatif des outils Mafell<\/h2>\n<table class=\"kwdbank-table\">\n<thead>\n<tr>\n<th>Outil<\/th>\n<th>Type<\/th>\n<th>Prix (\u20ac)<\/th>\n<th>Poids (kg)<\/th>\n<th>Caract\u00e9ristiques principales<\/th>\n<\/tr>\n<\/thead>\n<tbody>\n<tr>\n<td>Scie KSS 300<\/td>\n<td>Circulaire<\/td>\n<td>699<\/td>\n<td>3,8<\/td>\n<td>Profondeur de coupe jusqu\u2019\u00e0 65 mm, batterie Li-Ion<\/td>\n<\/tr>\n<tr>\n<td>D\u00e9fonceuse MF 26<\/td>\n<td>D\u00e9fonceuse<\/td>\n<td>549<\/td>\n<td>3,5<\/td>\n<td>Vitesse variable, profondeur de fraisage jusqu\u2019\u00e0 70 mm<\/td>\n<\/tr>\n<tr>\n<td>Scie plongeante P1cc<\/td>\n<td>Plongement<\/td>\n<td>899<\/td>\n<td>4,2<\/td>\n<td>Pr\u00e9cision in\u00e9gal\u00e9e gr\u00e2ce \u00e0 la technologie laser<\/td>\n<\/tr>\n<tr>\n<td>Rabot EHL<\/td>\n<td>Rabot<\/td>\n<td>399<\/td>\n<td>2,9<\/td>\n<td>Largeur de rabotage jusqu\u2019\u00e0 82 mm<\/td>\n<\/tr>\n<\/tbody>\n<\/table>\n<h2>Avantages des outils Mafell<\/h2>\n<ol>\n<li><strong>Qualit\u00e9 allemande<\/strong> : La fabrication allemande garantit une durabilit\u00e9 et une fiabilit\u00e9 sup\u00e9rieures.<\/li>\n<li><strong>Technologie avanc\u00e9e<\/strong> : De nombreux mod\u00e8les int\u00e8grent des technologies innovantes comme le syst\u00e8me de coupe sans fil.<\/li>\n<li><strong>Ergonomie optimis\u00e9e<\/strong> : Les outils sont con\u00e7us pour offrir un confort maximal lors de l\u2019utilisation prolong\u00e9e.<\/li>\n<\/ol>\n<h2>Pi\u00e8ge \u00e0 \u00e9viter<\/h2>\n<p>Un pi\u00e8ge courant lors de l\u2019achat d\u2019outils Mafell est de n\u00e9gliger l\u2019importance des accessoires compatibles. Par exemple, certaines scies n\u00e9cessitent des lames sp\u00e9cifiques qui ne sont pas incluses dans le pack standard. Il est essentiel de v\u00e9rifier la compatibilit\u00e9 des accessoires afin d\u2019optimiser votre investissement.<\/p>\n<h2>Avis des utilisateurs sur les outils Mafell<\/h2>\n<p>Les retours d\u2019exp\u00e9rience sur les outils Mafell sont g\u00e9n\u00e9ralement tr\u00e8s positifs. Les utilisateurs appr\u00e9cient particuli\u00e8rement :<\/p>\n<ul>\n<li>La robustesse des mat\u00e9riaux utilis\u00e9s.<\/li>\n<li>La pr\u00e9cision des coupes r\u00e9alis\u00e9es.<\/li>\n<li>Le service apr\u00e8s-vente r\u00e9actif.<\/li>\n<\/ul>\n<h3>T\u00e9moignage concret<\/h3>\n<p>Jean-Pierre, artisan menuisier depuis plus de dix ans, a investi dans la scie KSS 300 et la d\u00e9fonceuse MF 26. Selon lui : \u00ab Ces outils ont v\u00e9ritablement am\u00e9lior\u00e9 ma productivit\u00e9. La scie KSS coupe rapidement et proprement sans laisser trop d\u2019\u00e9clats. Quant \u00e0 la d\u00e9fonceuse, elle offre un niveau de d\u00e9tail que je n\u2019avais jamais atteint auparavant \u00bb.<\/p>\n<h2>Action imm\u00e9diate<\/h2>\n<p>Si vous envisagez d\u2019acqu\u00e9rir un outil Mafell en cette ann\u00e9e, consultez les revendeurs agr\u00e9\u00e9s ou les sites sp\u00e9cialis\u00e9s pour b\u00e9n\u00e9ficier d\u2019offres promotionnelles ou d\u2019\u00e9ventuels packs incluant accessoires et garanties prolong\u00e9es.<\/p>\n<h2>FAQ<\/h2>\n<h3>Quels sont les principaux outils propos\u00e9s par Mafell ?<\/h3>\n<p>Mafell propose principalement des scies circulaires, d\u00e9fonceuses, rabots et scies plongeantes.<\/p>\n<h3>O\u00f9 acheter les outils Mafell ?<\/h3>\n<p>Vous pouvez acheter ces outils chez des revendeurs sp\u00e9cialis\u00e9s en bricolage ou directement sur le site officiel de Mafell.<\/p>\n<h3>Quels avantages offrent les batteries Li-Ion utilis\u00e9es par Mafell ?<\/h3>\n<p>Les batteries Li-Ion offrent une autonomie sup\u00e9rieure et un temps de recharge rapide par rapport aux anciennes technologies comme le NiCd.<\/p>\n<h3>Les outils Mafell sont-ils garantis ?<\/h3>\n<p>Oui, la plupart des outils Mafell b\u00e9n\u00e9ficient d\u2019une garantie standard allant jusqu\u2019\u00e0 trois ans selon le mod\u00e8le.<\/p>\n<h3>Quelle est la dur\u00e9e moyenne de vie des outils Mafell ?<\/h3>\n<p>Avec un entretien appropri\u00e9, les outils peuvent durer plusieurs ann\u00e9es m\u00eame avec une utilisation intensive dans le milieu professionnel.<\/p>\n<h3>Comment entretenir mes outils Mafell ?<\/h3>\n<p>Il est recommand\u00e9 de nettoyer r\u00e9guli\u00e8rement vos outils apr\u00e8s chaque utilisation et de v\u00e9rifier les lames ou accessoires pour s\u2019assurer qu\u2019ils restent en bon \u00e9tat.<\/p>\n","protected":false},"excerpt":{"rendered":"","protected":false},"author":34,"featured_media":999999999,"comment_status":"open","ping_status":"open","sticky":false,"template":"","format":"standard","meta":{"_acf_changed":false,"manual_indexmenow":false,"indexmenow_id_project":0,"footnotes":""},"categories":[4615],"tags":[],"class_list":["post-7604","post","type-post","status-publish","format-standard","has-post-thumbnail","hentry","category-articles","generate-columns","tablet-grid-50","mobile-grid-100","grid-parent","grid-25"],"acf":[],"yoast_head":"<!-- This site is optimized with the Yoast SEO Premium plugin v21.3 (Yoast SEO v26.5) - https:\/\/yoast.com\/wordpress\/plugins\/seo\/ -->\n<title>Mafell : Top outils pro 2026 prix &amp; avis<\/title>\n<meta name=\"description\" content=\"Mafell est une marque allemande r\u00e9put\u00e9e pour ses outils \u00e9lectroportatifs de haute qualit\u00e9, con\u00e7us principalement pour les professionnels du b\u00e2timent et du\" \/>\n<meta name=\"robots\" content=\"index, follow, max-snippet:-1, max-image-preview:large, max-video-preview:-1\" \/>\n<link rel=\"canonical\" href=\"https:\/\/mapetitetouche.fr\/blog\/articles\/mafell\/\" \/>\n<meta property=\"og:locale\" content=\"fr_FR\" \/>\n<meta property=\"og:type\" content=\"article\" \/>\n<meta property=\"og:title\" content=\"Mafell : Top outils pro 2026 prix &amp; avis\" \/>\n<meta property=\"og:description\" content=\"Mafell est une marque allemande r\u00e9put\u00e9e pour ses outils \u00e9lectroportatifs de haute qualit\u00e9, con\u00e7us principalement pour les professionnels du b\u00e2timent et du\" \/>\n<meta property=\"og:url\" content=\"https:\/\/mapetitetouche.fr\/blog\/articles\/mafell\/\" \/>\n<meta property=\"og:site_name\" content=\"mapetitetouche\" \/>\n<meta name=\"author\" content=\"Julien P.\" \/>\n<meta name=\"twitter:card\" content=\"summary_large_image\" \/>\n<script type=\"application\/ld+json\" class=\"yoast-schema-graph\">{\"@context\":\"https:\/\/schema.org\",\"@graph\":[{\"@type\":\"NewsArticle\",\"@id\":\"https:\/\/mapetitetouche.fr\/blog\/articles\/mafell\/#article\",\"isPartOf\":{\"@id\":\"https:\/\/mapetitetouche.fr\/blog\/articles\/mafell\/\"},\"author\":{\"name\":\"Julien P.\",\"@id\":\"https:\/\/mapetitetouche.fr\/blog\/#\/schema\/person\/3c864cdc320801e3db34b663e7e3f816\"},\"headline\":\"Mafell : Top outils pro 2026 prix &#038; avis\",\"datePublished\":\"2026-05-19T09:00:00+00:00\",\"mainEntityOfPage\":{\"@id\":\"https:\/\/mapetitetouche.fr\/blog\/articles\/mafell\/\"},\"wordCount\":729,\"commentCount\":0,\"publisher\":{\"@id\":\"https:\/\/mapetitetouche.fr\/blog\/#organization\"},\"image\":{\"@id\":\"https:\/\/mapetitetouche.fr\/blog\/articles\/mafell\/#primaryimage\"},\"thumbnailUrl\":\"https:\/\/images.pexels.com\/photos\/30738887\/pexels-photo-30738887.jpeg?auto=compress&cs=tinysrgb&fit=crop&h=627&w=1200\",\"articleSection\":[\"Articles\"],\"inLanguage\":\"fr-FR\",\"potentialAction\":[{\"@type\":\"CommentAction\",\"name\":\"Comment\",\"target\":[\"https:\/\/mapetitetouche.fr\/blog\/articles\/mafell\/#respond\"]}]},{\"@type\":\"WebPage\",\"@id\":\"https:\/\/mapetitetouche.fr\/blog\/articles\/mafell\/\",\"url\":\"https:\/\/mapetitetouche.fr\/blog\/articles\/mafell\/\",\"name\":\"Mafell : Top outils pro 2026 prix & avis\",\"isPartOf\":{\"@id\":\"https:\/\/mapetitetouche.fr\/blog\/#website\"},\"primaryImageOfPage\":{\"@id\":\"https:\/\/mapetitetouche.fr\/blog\/articles\/mafell\/#primaryimage\"},\"image\":{\"@id\":\"https:\/\/mapetitetouche.fr\/blog\/articles\/mafell\/#primaryimage\"},\"thumbnailUrl\":\"https:\/\/images.pexels.com\/photos\/30738887\/pexels-photo-30738887.jpeg?auto=compress&cs=tinysrgb&fit=crop&h=627&w=1200\",\"datePublished\":\"2026-05-19T09:00:00+00:00\",\"description\":\"Mafell est une marque allemande r\u00e9put\u00e9e pour ses outils \u00e9lectroportatifs de haute qualit\u00e9, con\u00e7us principalement pour les professionnels du b\u00e2timent et du\",\"inLanguage\":\"fr-FR\",\"potentialAction\":[{\"@type\":\"ReadAction\",\"target\":[\"https:\/\/mapetitetouche.fr\/blog\/articles\/mafell\/\"]}]},{\"@type\":\"ImageObject\",\"inLanguage\":\"fr-FR\",\"@id\":\"https:\/\/mapetitetouche.fr\/blog\/articles\/mafell\/#primaryimage\",\"url\":\"https:\/\/images.pexels.com\/photos\/30738887\/pexels-photo-30738887.jpeg?auto=compress&cs=tinysrgb&fit=crop&h=627&w=1200\",\"contentUrl\":\"https:\/\/images.pexels.com\/photos\/30738887\/pexels-photo-30738887.jpeg?auto=compress&cs=tinysrgb&fit=crop&h=627&w=1200\"},{\"@type\":\"WebSite\",\"@id\":\"https:\/\/mapetitetouche.fr\/blog\/#website\",\"url\":\"https:\/\/mapetitetouche.fr\/blog\/\",\"name\":\"mapetitetouche.fr\",\"description\":\"Ma Petite Touche, le DIY qui sublime votre quotidien\",\"publisher\":{\"@id\":\"https:\/\/mapetitetouche.fr\/blog\/#organization\"},\"alternateName\":\"Ma Petite Touche, le DIY qui sublime votre quotidien\",\"potentialAction\":[{\"@type\":\"SearchAction\",\"target\":{\"@type\":\"EntryPoint\",\"urlTemplate\":\"https:\/\/mapetitetouche.fr\/blog\/?s={search_term_string}\"},\"query-input\":{\"@type\":\"PropertyValueSpecification\",\"valueRequired\":true,\"valueName\":\"search_term_string\"}}],\"inLanguage\":\"fr-FR\"},{\"@type\":\"Organization\",\"@id\":\"https:\/\/mapetitetouche.fr\/blog\/#organization\",\"name\":\"Foretsensations.fr\",\"url\":\"https:\/\/mapetitetouche.fr\/blog\/\",\"logo\":{\"@type\":\"ImageObject\",\"inLanguage\":\"fr-FR\",\"@id\":\"https:\/\/mapetitetouche.fr\/blog\/#\/schema\/logo\/image\/\",\"url\":\"https:\/\/mapetitetouche.fr\/blog\/wp-content\/uploads\/2024\/12\/MaPetitetouche.png\",\"contentUrl\":\"https:\/\/mapetitetouche.fr\/blog\/wp-content\/uploads\/2024\/12\/MaPetitetouche.png\",\"width\":500,\"height\":500,\"caption\":\"Foretsensations.fr\"},\"image\":{\"@id\":\"https:\/\/mapetitetouche.fr\/blog\/#\/schema\/logo\/image\/\"}},{\"@type\":\"Person\",\"@id\":\"https:\/\/mapetitetouche.fr\/blog\/#\/schema\/person\/3c864cdc320801e3db34b663e7e3f816\",\"name\":\"Julien P.\",\"image\":{\"@type\":\"ImageObject\",\"inLanguage\":\"fr-FR\",\"@id\":\"https:\/\/mapetitetouche.fr\/blog\/#\/schema\/person\/image\/\",\"url\":\"https:\/\/mapetitetouche.fr\/blog\/wp-content\/uploads\/2026\/06\/persona_julien-p-96x96.jpg\",\"contentUrl\":\"https:\/\/mapetitetouche.fr\/blog\/wp-content\/uploads\/2026\/06\/persona_julien-p-96x96.jpg\",\"caption\":\"Julien P.\"},\"description\":\"Bricoleur et jardinier dans l'\u00e2me, j'\u00e9cris sur la maison et ses ext\u00e9rieurs avec les mains dans le cambouis plus que dans les th\u00e9ories. Mon terrain couvre tout l'habitat : le potager et le jardin au fil des saisons, mais aussi les petits travaux, la r\u00e9novation, le bricolage et les m\u00e9tiers du b\u00e2timent \u2014 toiture, isolation, menuiserie, serrurerie, ma\u00e7onnerie. J'aime expliquer un geste technique simplement, donner des fourchettes de prix r\u00e9alistes et les bons crit\u00e8res pour choisir un mat\u00e9riau ou un artisan. Je teste ce que je peux sur mes propres chantiers et au jardin avant d'en parler, je distingue la tradition de ce que confirme l'observation, et je pr\u00e9cise toujours le contexte \u2014 climat, type de sol, configuration du logement \u2014 parce qu'un m\u00eame conseil ne vaut pas partout. Mon but : rendre l'entretien et l'am\u00e9lioration de la maison accessibles, durables et \u00e9conomes.\",\"url\":\"https:\/\/mapetitetouche.fr\/blog\/auteur\/noname\/\",\"jobTitle\":\"R\u00e9dacteur en chef \u00b7 Maison, Jardin & Travaux\",\"knowsAbout\":[\"Maison\",\"Jardin\",\"Travaux\"],\"email\":\"julien.p@endirectdupotager.fr\"}]}<\/script>\n<!-- \/ Yoast SEO Premium plugin. -->","yoast_head_json":{"title":"Mafell : Top outils pro 2026 prix & avis","description":"Mafell est une marque allemande r\u00e9put\u00e9e pour ses outils \u00e9lectroportatifs de haute qualit\u00e9, con\u00e7us principalement pour les professionnels du b\u00e2timent et du","robots":{"index":"index","follow":"follow","max-snippet":"max-snippet:-1","max-image-preview":"max-image-preview:large","max-video-preview":"max-video-preview:-1"},"canonical":"https:\/\/mapetitetouche.fr\/blog\/articles\/mafell\/","og_locale":"fr_FR","og_type":"article","og_title":"Mafell : Top outils pro 2026 prix & avis","og_description":"Mafell est une marque allemande r\u00e9put\u00e9e pour ses outils \u00e9lectroportatifs de haute qualit\u00e9, con\u00e7us principalement pour les professionnels du b\u00e2timent et du","og_url":"https:\/\/mapetitetouche.fr\/blog\/articles\/mafell\/","og_site_name":"mapetitetouche","author":"Julien P.","twitter_card":"summary_large_image","schema":{"@context":"https:\/\/schema.org","@graph":[{"@type":"NewsArticle","@id":"https:\/\/mapetitetouche.fr\/blog\/articles\/mafell\/#article","isPartOf":{"@id":"https:\/\/mapetitetouche.fr\/blog\/articles\/mafell\/"},"author":{"name":"Julien P.","@id":"https:\/\/mapetitetouche.fr\/blog\/#\/schema\/person\/3c864cdc320801e3db34b663e7e3f816"},"headline":"Mafell : Top outils pro 2026 prix &#038; avis","datePublished":"2026-05-19T09:00:00+00:00","mainEntityOfPage":{"@id":"https:\/\/mapetitetouche.fr\/blog\/articles\/mafell\/"},"wordCount":729,"commentCount":0,"publisher":{"@id":"https:\/\/mapetitetouche.fr\/blog\/#organization"},"image":{"@id":"https:\/\/mapetitetouche.fr\/blog\/articles\/mafell\/#primaryimage"},"thumbnailUrl":"https:\/\/images.pexels.com\/photos\/30738887\/pexels-photo-30738887.jpeg?auto=compress&cs=tinysrgb&fit=crop&h=627&w=1200","articleSection":["Articles"],"inLanguage":"fr-FR","potentialAction":[{"@type":"CommentAction","name":"Comment","target":["https:\/\/mapetitetouche.fr\/blog\/articles\/mafell\/#respond"]}]},{"@type":"WebPage","@id":"https:\/\/mapetitetouche.fr\/blog\/articles\/mafell\/","url":"https:\/\/mapetitetouche.fr\/blog\/articles\/mafell\/","name":"Mafell : Top outils pro 2026 prix & avis","isPartOf":{"@id":"https:\/\/mapetitetouche.fr\/blog\/#website"},"primaryImageOfPage":{"@id":"https:\/\/mapetitetouche.fr\/blog\/articles\/mafell\/#primaryimage"},"image":{"@id":"https:\/\/mapetitetouche.fr\/blog\/articles\/mafell\/#primaryimage"},"thumbnailUrl":"https:\/\/images.pexels.com\/photos\/30738887\/pexels-photo-30738887.jpeg?auto=compress&cs=tinysrgb&fit=crop&h=627&w=1200","datePublished":"2026-05-19T09:00:00+00:00","description":"Mafell est une marque allemande r\u00e9put\u00e9e pour ses outils \u00e9lectroportatifs de haute qualit\u00e9, con\u00e7us principalement pour les professionnels du b\u00e2timent et du","inLanguage":"fr-FR","potentialAction":[{"@type":"ReadAction","target":["https:\/\/mapetitetouche.fr\/blog\/articles\/mafell\/"]}]},{"@type":"ImageObject","inLanguage":"fr-FR","@id":"https:\/\/mapetitetouche.fr\/blog\/articles\/mafell\/#primaryimage","url":"https:\/\/images.pexels.com\/photos\/30738887\/pexels-photo-30738887.jpeg?auto=compress&cs=tinysrgb&fit=crop&h=627&w=1200","contentUrl":"https:\/\/images.pexels.com\/photos\/30738887\/pexels-photo-30738887.jpeg?auto=compress&cs=tinysrgb&fit=crop&h=627&w=1200"},{"@type":"WebSite","@id":"https:\/\/mapetitetouche.fr\/blog\/#website","url":"https:\/\/mapetitetouche.fr\/blog\/","name":"mapetitetouche.fr","description":"Ma Petite Touche, le DIY qui sublime votre quotidien","publisher":{"@id":"https:\/\/mapetitetouche.fr\/blog\/#organization"},"alternateName":"Ma Petite Touche, le DIY qui sublime votre quotidien","potentialAction":[{"@type":"SearchAction","target":{"@type":"EntryPoint","urlTemplate":"https:\/\/mapetitetouche.fr\/blog\/?s={search_term_string}"},"query-input":{"@type":"PropertyValueSpecification","valueRequired":true,"valueName":"search_term_string"}}],"inLanguage":"fr-FR"},{"@type":"Organization","@id":"https:\/\/mapetitetouche.fr\/blog\/#organization","name":"Foretsensations.fr","url":"https:\/\/mapetitetouche.fr\/blog\/","logo":{"@type":"ImageObject","inLanguage":"fr-FR","@id":"https:\/\/mapetitetouche.fr\/blog\/#\/schema\/logo\/image\/","url":"https:\/\/mapetitetouche.fr\/blog\/wp-content\/uploads\/2024\/12\/MaPetitetouche.png","contentUrl":"https:\/\/mapetitetouche.fr\/blog\/wp-content\/uploads\/2024\/12\/MaPetitetouche.png","width":500,"height":500,"caption":"Foretsensations.fr"},"image":{"@id":"https:\/\/mapetitetouche.fr\/blog\/#\/schema\/logo\/image\/"}},{"@type":"Person","@id":"https:\/\/mapetitetouche.fr\/blog\/#\/schema\/person\/3c864cdc320801e3db34b663e7e3f816","name":"Julien P.","image":{"@type":"ImageObject","inLanguage":"fr-FR","@id":"https:\/\/mapetitetouche.fr\/blog\/#\/schema\/person\/image\/","url":"https:\/\/mapetitetouche.fr\/blog\/wp-content\/uploads\/2026\/06\/persona_julien-p-96x96.jpg","contentUrl":"https:\/\/mapetitetouche.fr\/blog\/wp-content\/uploads\/2026\/06\/persona_julien-p-96x96.jpg","caption":"Julien P."},"description":"Bricoleur et jardinier dans l'\u00e2me, j'\u00e9cris sur la maison et ses ext\u00e9rieurs avec les mains dans le cambouis plus que dans les th\u00e9ories. Mon terrain couvre tout l'habitat : le potager et le jardin au fil des saisons, mais aussi les petits travaux, la r\u00e9novation, le bricolage et les m\u00e9tiers du b\u00e2timent \u2014 toiture, isolation, menuiserie, serrurerie, ma\u00e7onnerie. J'aime expliquer un geste technique simplement, donner des fourchettes de prix r\u00e9alistes et les bons crit\u00e8res pour choisir un mat\u00e9riau ou un artisan. Je teste ce que je peux sur mes propres chantiers et au jardin avant d'en parler, je distingue la tradition de ce que confirme l'observation, et je pr\u00e9cise toujours le contexte \u2014 climat, type de sol, configuration du logement \u2014 parce qu'un m\u00eame conseil ne vaut pas partout. Mon but : rendre l'entretien et l'am\u00e9lioration de la maison accessibles, durables et \u00e9conomes.","url":"https:\/\/mapetitetouche.fr\/blog\/auteur\/noname\/","jobTitle":"R\u00e9dacteur en chef \u00b7 Maison, Jardin & Travaux","knowsAbout":["Maison","Jardin","Travaux"],"email":"julien.p@endirectdupotager.fr"}]}},"_links":{"self":[{"href":"https:\/\/mapetitetouche.fr\/blog\/wp-json\/wp\/v2\/posts\/7604","targetHints":{"allow":["GET"]}}],"collection":[{"href":"https:\/\/mapetitetouche.fr\/blog\/wp-json\/wp\/v2\/posts"}],"about":[{"href":"https:\/\/mapetitetouche.fr\/blog\/wp-json\/wp\/v2\/types\/post"}],"author":[{"embeddable":true,"href":"https:\/\/mapetitetouche.fr\/blog\/wp-json\/wp\/v2\/users\/34"}],"replies":[{"embeddable":true,"href":"https:\/\/mapetitetouche.fr\/blog\/wp-json\/wp\/v2\/comments?post=7604"}],"version-history":[{"count":1,"href":"https:\/\/mapetitetouche.fr\/blog\/wp-json\/wp\/v2\/posts\/7604\/revisions"}],"predecessor-version":[{"id":7706,"href":"https:\/\/mapetitetouche.fr\/blog\/wp-json\/wp\/v2\/posts\/7604\/revisions\/7706"}],"wp:attachment":[{"href":"https:\/\/mapetitetouche.fr\/blog\/wp-json\/wp\/v2\/media?parent=7604"}],"wp:term":[{"taxonomy":"category","embeddable":true,"href":"https:\/\/mapetitetouche.fr\/blog\/wp-json\/wp\/v2\/categories?post=7604"},{"taxonomy":"post_tag","embeddable":true,"href":"https:\/\/mapetitetouche.fr\/blog\/wp-json\/wp\/v2\/tags?post=7604"}],"curies":[{"name":"wp","href":"https:\/\/api.w.org\/{rel}","templated":true}]}}