{"id":7616,"date":"2026-06-02T09:00:00","date_gmt":"2026-06-02T09:00:00","guid":{"rendered":"https:\/\/mapetitetouche.fr\/blog\/?p=7616"},"modified":"2026-06-02T09:00:00","modified_gmt":"2026-06-02T09:00:00","slug":"lacme","status":"publish","type":"post","link":"https:\/\/mapetitetouche.fr\/blog\/articles\/lacme\/","title":{"rendered":"Lacm\u00e9 : Outils Prix Catalogue 2026"},"content":{"rendered":"<p>Lacm\u00e9 est une marque reconnue dans le domaine de la coiffure et des soins capillaires. En 2026, elle propose une gamme vari\u00e9e de produits, allant des teintures aux soins capillaires, avec un accent sur la durabilit\u00e9 et l\u2019innovation. Cet article vous pr\u00e9sente les outils Lacm\u00e9 disponibles, leurs prix ainsi qu\u2019un aper\u00e7u du catalogue pour cette ann\u00e9e.<\/p>\n<h2>Pr\u00e9sentation de la marque Lacm\u00e9<\/h2>\n<p>Lacm\u00e9 se sp\u00e9cialise dans des produits professionnels destin\u00e9s aux salons de coiffure, avec un fort accent sur la qualit\u00e9 et l\u2019efficacit\u00e9. La marque a su \u00e9voluer au fil des ans pour r\u00e9pondre aux attentes des professionnels tout en int\u00e9grant des formulations respectueuses de l\u2019environnement.<\/p>\n<h3>Engagement \u00e9cologique<\/h3>\n<p>En 2026, Lacm\u00e9 continue d\u2019affirmer son engagement envers l\u2019\u00e9cologie. Plus de 60 % de sa gamme utilise des ingr\u00e9dients naturels et biologiques. Cet engagement se refl\u00e8te \u00e9galement dans l\u2019emballage, qui est recyclable ou biod\u00e9gradable.<\/p>\n<h2>Outils et produits phares en 2026<\/h2>\n<h3>1. Teintures capillaires<\/h3>\n<p>Les teintures Lacm\u00e9 offrent une couverture optimale tout en pr\u00e9servant la sant\u00e9 des cheveux. Voici quelques-unes des teintes populaires en 2026 :<\/p>\n<table class=\"kwdbank-table\">\n<thead>\n<tr>\n<th>Produit<\/th>\n<th>Prix (\u20ac)<\/th>\n<th>Caract\u00e9ristiques<\/th>\n<\/tr>\n<\/thead>\n<tbody>\n<tr>\n<td>Lacm\u00e9 Color Plus<\/td>\n<td>12<\/td>\n<td>Couverture compl\u00e8te, brillance<\/td>\n<\/tr>\n<tr>\n<td>Lacm\u00e9 Color Gel<\/td>\n<td>15<\/td>\n<td>Formulation sans ammoniaque<\/td>\n<\/tr>\n<tr>\n<td>Lacm\u00e9 Color Soft<\/td>\n<td>10<\/td>\n<td>Teinte douce, id\u00e9al pour retouche<\/td>\n<\/tr>\n<\/tbody>\n<\/table>\n<h3>2. Soins capillaires<\/h3>\n<p>Les soins capillaires incluent shampoings, apr\u00e8s-shampoings et masques adapt\u00e9s \u00e0 diff\u00e9rents types de cheveux.<\/p>\n<ul>\n<li><strong>Shampoing Hydratant<\/strong> : 18 \u20ac<\/li>\n<li><strong>Masque R\u00e9parateur<\/strong> : 22 \u20ac<\/li>\n<li><strong>Apr\u00e8s-Shampoing Nourrissant<\/strong> : 16 \u20ac<\/li>\n<\/ul>\n<h3>3. Outils de coiffure<\/h3>\n<p>Les outils professionnels comme les fers \u00e0 lisser et les s\u00e8che-cheveux sont \u00e9galement au c\u0153ur de l\u2019offre Lacm\u00e9.<\/p>\n<table class=\"kwdbank-table\">\n<thead>\n<tr>\n<th>Outil<\/th>\n<th>Prix (\u20ac)<\/th>\n<th>Sp\u00e9cificit\u00e9s<\/th>\n<\/tr>\n<\/thead>\n<tbody>\n<tr>\n<td>Fer \u00e0 lisser ProHeat<\/td>\n<td>75<\/td>\n<td>Technologie c\u00e9ramique<\/td>\n<\/tr>\n<tr>\n<td>S\u00e8che-cheveux TurboDry<\/td>\n<td>90<\/td>\n<td>Puissance de 2200W<\/td>\n<\/tr>\n<\/tbody>\n<\/table>\n<h2>Exemples concrets d\u2019utilisation<\/h2>\n<ol>\n<li>\n<strong>Teinture professionnelle<\/strong> : Un salon peut utiliser Lacm\u00e9 Color Plus pour une coloration permanente sur des cheveux longs, avec un co\u00fbt total d\u2019environ 120 \u20ac pour six applications.\n<\/li>\n<li>\n<strong>Routine soin<\/strong> : Un client souhaitant traiter ses cheveux ab\u00eem\u00e9s peut investir environ 56 \u20ac dans un shampoing hydratant (18 \u20ac), un apr\u00e8s-shampoing nourrissant (16 \u20ac) et un masque r\u00e9parateur (22 \u20ac).\n<\/li>\n<\/ol>\n<h2>Pi\u00e8ges \u00e0 \u00e9viter<\/h2>\n<p>Lors de l\u2019achat de produits Lacm\u00e9, il est crucial d\u2019\u00e9viter les contrefa\u00e7ons souvent pr\u00e9sentes sur le march\u00e9. Assurez-vous d\u2019acheter via des revendeurs agr\u00e9\u00e9s ou directement sur le site officiel pour garantir la qualit\u00e9 et l\u2019authenticit\u00e9 des produits.<\/p>\n<h2>Comment acc\u00e9der au catalogue complet ?<\/h2>\n<p>Le catalogue complet des produits Lacm\u00e9 pour 2026 est disponible sur leur site officiel. Vous y trouverez \u00e9galement des informations d\u00e9taill\u00e9es sur chaque produit, y compris les ingr\u00e9dients et les conseils d\u2019utilisation.<\/p>\n<h3>Action imm\u00e9diate<\/h3>\n<p>Pour profiter des derni\u00e8res innovations et promotions, inscrivez-vous \u00e0 la newsletter de Lacm\u00e9 afin de recevoir directement les mises \u00e0 jour concernant les nouveaux produits et offres exclusives.<\/p>\n<h2>FAQ<\/h2>\n<h3>Qu\u2019est-ce que Lacm\u00e9 ?<\/h3>\n<p>Lacm\u00e9 est une marque sp\u00e9cialis\u00e9e dans les produits professionnels pour la coiffure, offrant une large gamme de teintures et soins capillaires.<\/p>\n<h3>Quels sont les prix des teintures Lacm\u00e9 en 2026 ?<\/h3>\n<p>Les prix varient entre 10 \u20ac et 15 \u20ac selon le type de teinture choisie.<\/p>\n<h3>O\u00f9 acheter les produits Lacm\u00e9 ?<\/h3>\n<p>Vous pouvez acheter les produits Lacm\u00e9 dans les salons agr\u00e9\u00e9s ou via leur site internet officiel.<\/p>\n<h3>Les produits Lacm\u00e9 sont-ils \u00e9cologiques ?<\/h3>\n<p>Oui, plus de 60 % des produits utilisent des ingr\u00e9dients naturels ou biologiques, avec un emballage respectueux de l\u2019environnement.<\/p>\n<h3>Quelle est la dur\u00e9e d\u2019un traitement avec les teintures Lacm\u00e9 ?<\/h3>\n<p>La dur\u00e9e varie selon le type de produit utilis\u00e9 mais g\u00e9n\u00e9ralement, une teinture permanente peut durer jusqu\u2019\u00e0 huit semaines avant d\u2019avoir besoin d\u2019une retouche.<\/p>\n<h3>Quels types de cheveux peuvent b\u00e9n\u00e9ficier des soins Lacm\u00e9 ?<\/h3>\n<p>Les soins Lacm\u00e9 sont con\u00e7us pour tous types de cheveux, qu\u2019ils soient secs, ab\u00eem\u00e9s ou normaux.<\/p>\n","protected":false},"excerpt":{"rendered":"","protected":false},"author":34,"featured_media":999999999,"comment_status":"open","ping_status":"open","sticky":false,"template":"","format":"standard","meta":{"_acf_changed":false,"manual_indexmenow":false,"indexmenow_id_project":0,"footnotes":""},"categories":[4615],"tags":[],"class_list":["post-7616","post","type-post","status-publish","format-standard","has-post-thumbnail","hentry","category-articles","generate-columns","tablet-grid-50","mobile-grid-100","grid-parent","grid-25"],"acf":[],"yoast_head":"<!-- This site is optimized with the Yoast SEO Premium plugin v21.3 (Yoast SEO v26.5) - https:\/\/yoast.com\/wordpress\/plugins\/seo\/ -->\n<title>Lacm\u00e9 : Outils Prix Catalogue 2026<\/title>\n<meta name=\"description\" content=\"Lacm\u00e9 est une marque reconnue dans le domaine de la coiffure et des soins capillaires.\" \/>\n<meta name=\"robots\" content=\"index, follow, max-snippet:-1, max-image-preview:large, max-video-preview:-1\" \/>\n<link rel=\"canonical\" href=\"https:\/\/mapetitetouche.fr\/blog\/articles\/lacme\/\" \/>\n<meta property=\"og:locale\" content=\"fr_FR\" \/>\n<meta property=\"og:type\" content=\"article\" \/>\n<meta property=\"og:title\" content=\"Lacm\u00e9 : Outils Prix Catalogue 2026\" \/>\n<meta property=\"og:description\" content=\"Lacm\u00e9 est une marque reconnue dans le domaine de la coiffure et des soins capillaires.\" \/>\n<meta property=\"og:url\" content=\"https:\/\/mapetitetouche.fr\/blog\/articles\/lacme\/\" \/>\n<meta property=\"og:site_name\" content=\"mapetitetouche\" \/>\n<meta name=\"author\" content=\"Julien P.\" \/>\n<meta name=\"twitter:card\" content=\"summary_large_image\" \/>\n<script type=\"application\/ld+json\" class=\"yoast-schema-graph\">{\"@context\":\"https:\/\/schema.org\",\"@graph\":[{\"@type\":\"NewsArticle\",\"@id\":\"https:\/\/mapetitetouche.fr\/blog\/articles\/lacme\/#article\",\"isPartOf\":{\"@id\":\"https:\/\/mapetitetouche.fr\/blog\/articles\/lacme\/\"},\"author\":{\"name\":\"Julien P.\",\"@id\":\"https:\/\/mapetitetouche.fr\/blog\/#\/schema\/person\/3c864cdc320801e3db34b663e7e3f816\"},\"headline\":\"Lacm\u00e9 : Outils Prix Catalogue 2026\",\"datePublished\":\"2026-06-02T09:00:00+00:00\",\"mainEntityOfPage\":{\"@id\":\"https:\/\/mapetitetouche.fr\/blog\/articles\/lacme\/\"},\"wordCount\":621,\"commentCount\":0,\"publisher\":{\"@id\":\"https:\/\/mapetitetouche.fr\/blog\/#organization\"},\"image\":{\"@id\":\"https:\/\/mapetitetouche.fr\/blog\/articles\/lacme\/#primaryimage\"},\"thumbnailUrl\":\"https:\/\/images.pexels.com\/photos\/15209791\/pexels-photo-15209791.jpeg?auto=compress&cs=tinysrgb&fit=crop&h=627&w=1200\",\"articleSection\":[\"Articles\"],\"inLanguage\":\"fr-FR\",\"potentialAction\":[{\"@type\":\"CommentAction\",\"name\":\"Comment\",\"target\":[\"https:\/\/mapetitetouche.fr\/blog\/articles\/lacme\/#respond\"]}]},{\"@type\":\"WebPage\",\"@id\":\"https:\/\/mapetitetouche.fr\/blog\/articles\/lacme\/\",\"url\":\"https:\/\/mapetitetouche.fr\/blog\/articles\/lacme\/\",\"name\":\"Lacm\u00e9 : Outils Prix Catalogue 2026\",\"isPartOf\":{\"@id\":\"https:\/\/mapetitetouche.fr\/blog\/#website\"},\"primaryImageOfPage\":{\"@id\":\"https:\/\/mapetitetouche.fr\/blog\/articles\/lacme\/#primaryimage\"},\"image\":{\"@id\":\"https:\/\/mapetitetouche.fr\/blog\/articles\/lacme\/#primaryimage\"},\"thumbnailUrl\":\"https:\/\/images.pexels.com\/photos\/15209791\/pexels-photo-15209791.jpeg?auto=compress&cs=tinysrgb&fit=crop&h=627&w=1200\",\"datePublished\":\"2026-06-02T09:00:00+00:00\",\"description\":\"Lacm\u00e9 est une marque reconnue dans le domaine de la coiffure et des soins capillaires.\",\"inLanguage\":\"fr-FR\",\"potentialAction\":[{\"@type\":\"ReadAction\",\"target\":[\"https:\/\/mapetitetouche.fr\/blog\/articles\/lacme\/\"]}]},{\"@type\":\"ImageObject\",\"inLanguage\":\"fr-FR\",\"@id\":\"https:\/\/mapetitetouche.fr\/blog\/articles\/lacme\/#primaryimage\",\"url\":\"https:\/\/images.pexels.com\/photos\/15209791\/pexels-photo-15209791.jpeg?auto=compress&cs=tinysrgb&fit=crop&h=627&w=1200\",\"contentUrl\":\"https:\/\/images.pexels.com\/photos\/15209791\/pexels-photo-15209791.jpeg?auto=compress&cs=tinysrgb&fit=crop&h=627&w=1200\"},{\"@type\":\"WebSite\",\"@id\":\"https:\/\/mapetitetouche.fr\/blog\/#website\",\"url\":\"https:\/\/mapetitetouche.fr\/blog\/\",\"name\":\"mapetitetouche.fr\",\"description\":\"Ma Petite Touche, le DIY qui sublime votre quotidien\",\"publisher\":{\"@id\":\"https:\/\/mapetitetouche.fr\/blog\/#organization\"},\"alternateName\":\"Ma Petite Touche, le DIY qui sublime votre quotidien\",\"potentialAction\":[{\"@type\":\"SearchAction\",\"target\":{\"@type\":\"EntryPoint\",\"urlTemplate\":\"https:\/\/mapetitetouche.fr\/blog\/?s={search_term_string}\"},\"query-input\":{\"@type\":\"PropertyValueSpecification\",\"valueRequired\":true,\"valueName\":\"search_term_string\"}}],\"inLanguage\":\"fr-FR\"},{\"@type\":\"Organization\",\"@id\":\"https:\/\/mapetitetouche.fr\/blog\/#organization\",\"name\":\"Foretsensations.fr\",\"url\":\"https:\/\/mapetitetouche.fr\/blog\/\",\"logo\":{\"@type\":\"ImageObject\",\"inLanguage\":\"fr-FR\",\"@id\":\"https:\/\/mapetitetouche.fr\/blog\/#\/schema\/logo\/image\/\",\"url\":\"https:\/\/mapetitetouche.fr\/blog\/wp-content\/uploads\/2024\/12\/MaPetitetouche.png\",\"contentUrl\":\"https:\/\/mapetitetouche.fr\/blog\/wp-content\/uploads\/2024\/12\/MaPetitetouche.png\",\"width\":500,\"height\":500,\"caption\":\"Foretsensations.fr\"},\"image\":{\"@id\":\"https:\/\/mapetitetouche.fr\/blog\/#\/schema\/logo\/image\/\"}},{\"@type\":\"Person\",\"@id\":\"https:\/\/mapetitetouche.fr\/blog\/#\/schema\/person\/3c864cdc320801e3db34b663e7e3f816\",\"name\":\"Julien P.\",\"image\":{\"@type\":\"ImageObject\",\"inLanguage\":\"fr-FR\",\"@id\":\"https:\/\/mapetitetouche.fr\/blog\/#\/schema\/person\/image\/\",\"url\":\"https:\/\/mapetitetouche.fr\/blog\/wp-content\/uploads\/2026\/06\/persona_julien-p-96x96.jpg\",\"contentUrl\":\"https:\/\/mapetitetouche.fr\/blog\/wp-content\/uploads\/2026\/06\/persona_julien-p-96x96.jpg\",\"caption\":\"Julien P.\"},\"description\":\"Bricoleur et jardinier dans l'\u00e2me, j'\u00e9cris sur la maison et ses ext\u00e9rieurs avec les mains dans le cambouis plus que dans les th\u00e9ories. Mon terrain couvre tout l'habitat : le potager et le jardin au fil des saisons, mais aussi les petits travaux, la r\u00e9novation, le bricolage et les m\u00e9tiers du b\u00e2timent \u2014 toiture, isolation, menuiserie, serrurerie, ma\u00e7onnerie. J'aime expliquer un geste technique simplement, donner des fourchettes de prix r\u00e9alistes et les bons crit\u00e8res pour choisir un mat\u00e9riau ou un artisan. Je teste ce que je peux sur mes propres chantiers et au jardin avant d'en parler, je distingue la tradition de ce que confirme l'observation, et je pr\u00e9cise toujours le contexte \u2014 climat, type de sol, configuration du logement \u2014 parce qu'un m\u00eame conseil ne vaut pas partout. Mon but : rendre l'entretien et l'am\u00e9lioration de la maison accessibles, durables et \u00e9conomes.\",\"url\":\"https:\/\/mapetitetouche.fr\/blog\/auteur\/noname\/\",\"jobTitle\":\"R\u00e9dacteur en chef \u00b7 Maison, Jardin & Travaux\",\"knowsAbout\":[\"Maison\",\"Jardin\",\"Travaux\"],\"email\":\"julien.p@endirectdupotager.fr\"}]}<\/script>\n<!-- \/ Yoast SEO Premium plugin. -->","yoast_head_json":{"title":"Lacm\u00e9 : Outils Prix Catalogue 2026","description":"Lacm\u00e9 est une marque reconnue dans le domaine de la coiffure et des soins capillaires.","robots":{"index":"index","follow":"follow","max-snippet":"max-snippet:-1","max-image-preview":"max-image-preview:large","max-video-preview":"max-video-preview:-1"},"canonical":"https:\/\/mapetitetouche.fr\/blog\/articles\/lacme\/","og_locale":"fr_FR","og_type":"article","og_title":"Lacm\u00e9 : Outils Prix Catalogue 2026","og_description":"Lacm\u00e9 est une marque reconnue dans le domaine de la coiffure et des soins capillaires.","og_url":"https:\/\/mapetitetouche.fr\/blog\/articles\/lacme\/","og_site_name":"mapetitetouche","author":"Julien P.","twitter_card":"summary_large_image","schema":{"@context":"https:\/\/schema.org","@graph":[{"@type":"NewsArticle","@id":"https:\/\/mapetitetouche.fr\/blog\/articles\/lacme\/#article","isPartOf":{"@id":"https:\/\/mapetitetouche.fr\/blog\/articles\/lacme\/"},"author":{"name":"Julien P.","@id":"https:\/\/mapetitetouche.fr\/blog\/#\/schema\/person\/3c864cdc320801e3db34b663e7e3f816"},"headline":"Lacm\u00e9 : Outils Prix Catalogue 2026","datePublished":"2026-06-02T09:00:00+00:00","mainEntityOfPage":{"@id":"https:\/\/mapetitetouche.fr\/blog\/articles\/lacme\/"},"wordCount":621,"commentCount":0,"publisher":{"@id":"https:\/\/mapetitetouche.fr\/blog\/#organization"},"image":{"@id":"https:\/\/mapetitetouche.fr\/blog\/articles\/lacme\/#primaryimage"},"thumbnailUrl":"https:\/\/images.pexels.com\/photos\/15209791\/pexels-photo-15209791.jpeg?auto=compress&cs=tinysrgb&fit=crop&h=627&w=1200","articleSection":["Articles"],"inLanguage":"fr-FR","potentialAction":[{"@type":"CommentAction","name":"Comment","target":["https:\/\/mapetitetouche.fr\/blog\/articles\/lacme\/#respond"]}]},{"@type":"WebPage","@id":"https:\/\/mapetitetouche.fr\/blog\/articles\/lacme\/","url":"https:\/\/mapetitetouche.fr\/blog\/articles\/lacme\/","name":"Lacm\u00e9 : Outils Prix Catalogue 2026","isPartOf":{"@id":"https:\/\/mapetitetouche.fr\/blog\/#website"},"primaryImageOfPage":{"@id":"https:\/\/mapetitetouche.fr\/blog\/articles\/lacme\/#primaryimage"},"image":{"@id":"https:\/\/mapetitetouche.fr\/blog\/articles\/lacme\/#primaryimage"},"thumbnailUrl":"https:\/\/images.pexels.com\/photos\/15209791\/pexels-photo-15209791.jpeg?auto=compress&cs=tinysrgb&fit=crop&h=627&w=1200","datePublished":"2026-06-02T09:00:00+00:00","description":"Lacm\u00e9 est une marque reconnue dans le domaine de la coiffure et des soins capillaires.","inLanguage":"fr-FR","potentialAction":[{"@type":"ReadAction","target":["https:\/\/mapetitetouche.fr\/blog\/articles\/lacme\/"]}]},{"@type":"ImageObject","inLanguage":"fr-FR","@id":"https:\/\/mapetitetouche.fr\/blog\/articles\/lacme\/#primaryimage","url":"https:\/\/images.pexels.com\/photos\/15209791\/pexels-photo-15209791.jpeg?auto=compress&cs=tinysrgb&fit=crop&h=627&w=1200","contentUrl":"https:\/\/images.pexels.com\/photos\/15209791\/pexels-photo-15209791.jpeg?auto=compress&cs=tinysrgb&fit=crop&h=627&w=1200"},{"@type":"WebSite","@id":"https:\/\/mapetitetouche.fr\/blog\/#website","url":"https:\/\/mapetitetouche.fr\/blog\/","name":"mapetitetouche.fr","description":"Ma Petite Touche, le DIY qui sublime votre quotidien","publisher":{"@id":"https:\/\/mapetitetouche.fr\/blog\/#organization"},"alternateName":"Ma Petite Touche, le DIY qui sublime votre quotidien","potentialAction":[{"@type":"SearchAction","target":{"@type":"EntryPoint","urlTemplate":"https:\/\/mapetitetouche.fr\/blog\/?s={search_term_string}"},"query-input":{"@type":"PropertyValueSpecification","valueRequired":true,"valueName":"search_term_string"}}],"inLanguage":"fr-FR"},{"@type":"Organization","@id":"https:\/\/mapetitetouche.fr\/blog\/#organization","name":"Foretsensations.fr","url":"https:\/\/mapetitetouche.fr\/blog\/","logo":{"@type":"ImageObject","inLanguage":"fr-FR","@id":"https:\/\/mapetitetouche.fr\/blog\/#\/schema\/logo\/image\/","url":"https:\/\/mapetitetouche.fr\/blog\/wp-content\/uploads\/2024\/12\/MaPetitetouche.png","contentUrl":"https:\/\/mapetitetouche.fr\/blog\/wp-content\/uploads\/2024\/12\/MaPetitetouche.png","width":500,"height":500,"caption":"Foretsensations.fr"},"image":{"@id":"https:\/\/mapetitetouche.fr\/blog\/#\/schema\/logo\/image\/"}},{"@type":"Person","@id":"https:\/\/mapetitetouche.fr\/blog\/#\/schema\/person\/3c864cdc320801e3db34b663e7e3f816","name":"Julien P.","image":{"@type":"ImageObject","inLanguage":"fr-FR","@id":"https:\/\/mapetitetouche.fr\/blog\/#\/schema\/person\/image\/","url":"https:\/\/mapetitetouche.fr\/blog\/wp-content\/uploads\/2026\/06\/persona_julien-p-96x96.jpg","contentUrl":"https:\/\/mapetitetouche.fr\/blog\/wp-content\/uploads\/2026\/06\/persona_julien-p-96x96.jpg","caption":"Julien P."},"description":"Bricoleur et jardinier dans l'\u00e2me, j'\u00e9cris sur la maison et ses ext\u00e9rieurs avec les mains dans le cambouis plus que dans les th\u00e9ories. Mon terrain couvre tout l'habitat : le potager et le jardin au fil des saisons, mais aussi les petits travaux, la r\u00e9novation, le bricolage et les m\u00e9tiers du b\u00e2timent \u2014 toiture, isolation, menuiserie, serrurerie, ma\u00e7onnerie. J'aime expliquer un geste technique simplement, donner des fourchettes de prix r\u00e9alistes et les bons crit\u00e8res pour choisir un mat\u00e9riau ou un artisan. Je teste ce que je peux sur mes propres chantiers et au jardin avant d'en parler, je distingue la tradition de ce que confirme l'observation, et je pr\u00e9cise toujours le contexte \u2014 climat, type de sol, configuration du logement \u2014 parce qu'un m\u00eame conseil ne vaut pas partout. Mon but : rendre l'entretien et l'am\u00e9lioration de la maison accessibles, durables et \u00e9conomes.","url":"https:\/\/mapetitetouche.fr\/blog\/auteur\/noname\/","jobTitle":"R\u00e9dacteur en chef \u00b7 Maison, Jardin & Travaux","knowsAbout":["Maison","Jardin","Travaux"],"email":"julien.p@endirectdupotager.fr"}]}},"_links":{"self":[{"href":"https:\/\/mapetitetouche.fr\/blog\/wp-json\/wp\/v2\/posts\/7616","targetHints":{"allow":["GET"]}}],"collection":[{"href":"https:\/\/mapetitetouche.fr\/blog\/wp-json\/wp\/v2\/posts"}],"about":[{"href":"https:\/\/mapetitetouche.fr\/blog\/wp-json\/wp\/v2\/types\/post"}],"author":[{"embeddable":true,"href":"https:\/\/mapetitetouche.fr\/blog\/wp-json\/wp\/v2\/users\/34"}],"replies":[{"embeddable":true,"href":"https:\/\/mapetitetouche.fr\/blog\/wp-json\/wp\/v2\/comments?post=7616"}],"version-history":[{"count":1,"href":"https:\/\/mapetitetouche.fr\/blog\/wp-json\/wp\/v2\/posts\/7616\/revisions"}],"predecessor-version":[{"id":7719,"href":"https:\/\/mapetitetouche.fr\/blog\/wp-json\/wp\/v2\/posts\/7616\/revisions\/7719"}],"wp:attachment":[{"href":"https:\/\/mapetitetouche.fr\/blog\/wp-json\/wp\/v2\/media?parent=7616"}],"wp:term":[{"taxonomy":"category","embeddable":true,"href":"https:\/\/mapetitetouche.fr\/blog\/wp-json\/wp\/v2\/categories?post=7616"},{"taxonomy":"post_tag","embeddable":true,"href":"https:\/\/mapetitetouche.fr\/blog\/wp-json\/wp\/v2\/tags?post=7616"}],"curies":[{"name":"wp","href":"https:\/\/api.w.org\/{rel}","templated":true}]}}