{"id":7630,"date":"2026-06-17T09:00:00","date_gmt":"2026-06-17T09:00:00","guid":{"rendered":"https:\/\/mapetitetouche.fr\/blog\/?p=7630"},"modified":"2026-06-17T09:00:00","modified_gmt":"2026-06-17T09:00:00","slug":"echelle-de-menier","status":"publish","type":"post","link":"https:\/\/mapetitetouche.fr\/blog\/articles\/echelle-de-menier\/","title":{"rendered":"\u00c9chelle Meunier : Guide achat et installation"},"content":{"rendered":"<p>L\u2019\u00e9chelle de Meunier est un \u00e9quipement essentiel pour acc\u00e9der \u00e0 des espaces en hauteur, comme des greniers ou des combles. Ce type d\u2019\u00e9chelle escamotable est particuli\u00e8rement appr\u00e9ci\u00e9 pour sa facilit\u00e9 d\u2019utilisation et son gain de place. Toutefois, plusieurs erreurs fr\u00e9quentes peuvent survenir lors de l\u2019achat ou de l\u2019installation. Cet article vous guide pour \u00e9viter ces pi\u00e8ges tout en vous fournissant des conseils pratiques et des informations pr\u00e9cises.<\/p>\n<h2>Qu\u2019est-ce qu\u2019une \u00e9chelle de Meunier ?<\/h2>\n<p>Une \u00e9chelle de Meunier est une \u00e9chelle pliable, g\u00e9n\u00e9ralement fabriqu\u00e9e en bois ou en aluminium, qui se d\u00e9ploie verticalement. Elle se compose souvent de plusieurs sections qui s\u2019embo\u00eetent et se rangent dans un caisson fix\u00e9 au plafond. Ce type d\u2019\u00e9chelle est id\u00e9al pour les espaces restreints, car il ne n\u00e9cessite pas d\u2019espace au sol suppl\u00e9mentaire lorsqu\u2019il est repli\u00e9.<\/p>\n<h3>Caract\u00e9ristiques techniques<\/h3>\n<p>Les \u00e9chelles de Meunier varient en termes de mat\u00e9riaux, dimensions et capacit\u00e9s :<\/p>\n<ul>\n<li><strong>Mat\u00e9riaux<\/strong> : Bois (ch\u00eane, sapin) ou aluminium.<\/li>\n<li><strong>Longueur<\/strong> : G\u00e9n\u00e9ralement entre 2,5 m et 4 m.<\/li>\n<li><strong>Charge maximale<\/strong> : En moyenne, elles supportent jusqu\u2019\u00e0 150 kg.<\/li>\n<li><strong>Type de fixation<\/strong> : \u00c0 visser ou \u00e0 coller selon le mod\u00e8le.<\/li>\n<\/ul>\n<h2>Erreurs courantes lors de l\u2019achat<\/h2>\n<h3>1. N\u00e9gliger la hauteur sous plafond<\/h3>\n<p>Une erreur fr\u00e9quente consiste \u00e0 ne pas prendre en compte la hauteur sous plafond. Mesurez soigneusement l\u2019espace disponible avant d\u2019acheter une \u00e9chelle. Par exemple, pour une hauteur sous plafond de 2,50 m, optez pour une \u00e9chelle qui s\u2019\u00e9tend au-del\u00e0 afin d\u2019assurer un acc\u00e8s facile.<\/p>\n<h3>2. Choisir le mauvais mat\u00e9riau<\/h3>\n<p>Le choix entre bois et aluminium doit se faire selon vos besoins sp\u00e9cifiques :<br \/>\n&#8211; <strong>Bois<\/strong> : Plus esth\u00e9tique mais moins r\u00e9sistant aux intemp\u00e9ries.<br \/>\n&#8211; <strong>Aluminium<\/strong> : L\u00e9ger et r\u00e9sistant, id\u00e9al pour les environnements humides.<\/p>\n<h3>3. Ignorer les normes de s\u00e9curit\u00e9<\/h3>\n<p>V\u00e9rifiez que l\u2019\u00e9chelle respecte les normes europ\u00e9ennes (EN 14975) qui garantissent sa s\u00e9curit\u00e9. Cela inclut la stabilit\u00e9 et la r\u00e9sistance des mat\u00e9riaux utilis\u00e9s.<\/p>\n<h2>\u00c9tapes cl\u00e9s pour une installation r\u00e9ussie<\/h2>\n<h3>1. Pr\u00e9paration du site<\/h3>\n<p>Avant d\u2019installer votre \u00e9chelle de Meunier, assurez-vous que l\u2019espace est d\u00e9gag\u00e9 et que le caisson sera fix\u00e9 solidement au plafond. Voici les \u00e9tapes \u00e0 suivre :<\/p>\n<ul>\n<li><strong>Mesurer la hauteur<\/strong> du plafond.<\/li>\n<li><strong>Choisir l\u2019emplacement<\/strong> id\u00e9al pour le caisson.<\/li>\n<li><strong>V\u00e9rifier la solidit\u00e9<\/strong> du plafond (en bois ou b\u00e9ton).<\/li>\n<\/ul>\n<h3>2. Fixation du caisson<\/h3>\n<p>Utilisez des vis adapt\u00e9es au type de plafond (bois ou b\u00e9ton) et suivez les instructions du fabricant. Ne n\u00e9gligez pas cette \u00e9tape cruciale ; une mauvaise fixation peut entra\u00eener des accidents.<\/p>\n<h3>3. Installation de l\u2019\u00e9chelle<\/h3>\n<p>D\u00e9ployez l\u2019\u00e9chelle conform\u00e9ment aux instructions fournies avec le produit. V\u00e9rifiez qu\u2019elle s\u2019ouvre et se ferme facilement sans obstruction.<\/p>\n<h2>Pi\u00e8ges \u00e0 \u00e9viter<\/h2>\n<p>Un pi\u00e8ge courant lors de l\u2019installation est de ne pas tester la stabilit\u00e9 apr\u00e8s avoir fix\u00e9 le caisson. Avant toute utilisation, effectuez un test en montant lentement sur l\u2019\u00e9chelle d\u00e9ploy\u00e9e pour v\u00e9rifier sa solidit\u00e9.<\/p>\n<h2>Co\u00fbt moyen d\u2019une \u00e9chelle de Meunier<\/h2>\n<p>Le prix d\u2019une \u00e9chelle de Meunier peut varier consid\u00e9rablement selon le mat\u00e9riau et la marque :<\/p>\n<table class=\"kwdbank-table\">\n<thead>\n<tr>\n<th>Type d\u2019\u00e9chelle<\/th>\n<th>Prix moyen<\/th>\n<\/tr>\n<\/thead>\n<tbody>\n<tr>\n<td>\u00c9chelle en bois<\/td>\n<td>150 \u20ac &#8211; 400 \u20ac<\/td>\n<\/tr>\n<tr>\n<td>\u00c9chelle en aluminium<\/td>\n<td>200 \u20ac &#8211; 500 \u20ac<\/td>\n<\/tr>\n<\/tbody>\n<\/table>\n<p>Consid\u00e9rez votre budget tout en gardant \u00e0 l\u2019esprit la qualit\u00e9 et la s\u00e9curit\u00e9.<\/p>\n<h2>FAQ<\/h2>\n<h3>Quelle est la meilleure hauteur pour une \u00e9chelle de Meunier ?<\/h3>\n<p>La meilleure hauteur d\u00e9pendra principalement de votre espace sous plafond ; veillez \u00e0 choisir une \u00e9chelle qui permet un acc\u00e8s facile sans risque.<\/p>\n<h3>Comment entretenir une \u00e9chelle en bois ?<\/h3>\n<p>Pour maintenir votre \u00e9chelle en bois, il est recommand\u00e9 de la vernir r\u00e9guli\u00e8rement afin d\u2019\u00e9viter le vieillissement pr\u00e9matur\u00e9.<\/p>\n<h3>Peut-on installer une \u00e9chelle de Meunier soi-m\u00eame ?<\/h3>\n<p>Oui, si vous suivez attentivement les instructions du fabricant et que vous avez les outils n\u00e9cessaires, vous pouvez r\u00e9aliser cette installation vous-m\u00eame.<\/p>\n<h3>Quelle charge peut supporter une \u00e9chelle de Meunier ?<\/h3>\n<p>En g\u00e9n\u00e9ral, ces \u00e9chelles supportent jusqu\u2019\u00e0 150 kg, mais v\u00e9rifiez toujours les sp\u00e9cifications du mod\u00e8le choisi.<\/p>\n<h3>Est-ce que toutes les \u00e9chelles de Meunier sont extensibles ?<\/h3>\n<p>Non, certaines mod\u00e8les sont fixes tandis que d\u2019autres sont extensibles ; il est crucial de choisir celui qui correspond \u00e0 vos besoins sp\u00e9cifiques.<\/p>\n<h3>Faut-il un permis pour installer une \u00e9chelle dans un b\u00e2timent ?<\/h3>\n<p>En r\u00e8gle g\u00e9n\u00e9rale, aucune autorisation n\u2019est requise pour installer une \u00e9chelle dans votre maison individuelle ; cependant, v\u00e9rifiez toujours aupr\u00e8s des autorit\u00e9s locales si vous vivez dans un immeuble collectif.<\/p>\n<p>Pour garantir votre s\u00e9curit\u00e9 et optimiser votre espace tout en \u00e9vitant les erreurs courantes mentionn\u00e9es ci-dessus, prenez soin d\u2019\u00e9tudier attentivement vos options avant tout achat ou installation.<\/p>\n","protected":false},"excerpt":{"rendered":"","protected":false},"author":34,"featured_media":999999999,"comment_status":"open","ping_status":"open","sticky":false,"template":"","format":"standard","meta":{"_acf_changed":false,"manual_indexmenow":false,"indexmenow_id_project":0,"footnotes":""},"categories":[4615],"tags":[],"class_list":["post-7630","post","type-post","status-publish","format-standard","has-post-thumbnail","hentry","category-articles","generate-columns","tablet-grid-50","mobile-grid-100","grid-parent","grid-25"],"acf":[],"yoast_head":"<!-- This site is optimized with the Yoast SEO Premium plugin v21.3 (Yoast SEO v26.5) - https:\/\/yoast.com\/wordpress\/plugins\/seo\/ -->\n<title>\u00c9chelle Meunier : Guide achat et installation<\/title>\n<meta name=\"description\" content=\"L\u2019\u00e9chelle de Meunier est un \u00e9quipement essentiel pour acc\u00e9der \u00e0 des espaces en hauteur, comme des greniers ou des combles.\" \/>\n<meta name=\"robots\" content=\"index, follow, max-snippet:-1, max-image-preview:large, max-video-preview:-1\" \/>\n<link rel=\"canonical\" href=\"https:\/\/mapetitetouche.fr\/blog\/articles\/echelle-de-menier\/\" \/>\n<meta property=\"og:locale\" content=\"fr_FR\" \/>\n<meta property=\"og:type\" content=\"article\" \/>\n<meta property=\"og:title\" content=\"\u00c9chelle Meunier : Guide achat et installation\" \/>\n<meta property=\"og:description\" content=\"L\u2019\u00e9chelle de Meunier est un \u00e9quipement essentiel pour acc\u00e9der \u00e0 des espaces en hauteur, comme des greniers ou des combles.\" \/>\n<meta property=\"og:url\" content=\"https:\/\/mapetitetouche.fr\/blog\/articles\/echelle-de-menier\/\" \/>\n<meta property=\"og:site_name\" content=\"mapetitetouche\" \/>\n<meta name=\"author\" content=\"Julien P.\" \/>\n<meta name=\"twitter:card\" content=\"summary_large_image\" \/>\n<script type=\"application\/ld+json\" class=\"yoast-schema-graph\">{\"@context\":\"https:\/\/schema.org\",\"@graph\":[{\"@type\":\"NewsArticle\",\"@id\":\"https:\/\/mapetitetouche.fr\/blog\/articles\/echelle-de-menier\/#article\",\"isPartOf\":{\"@id\":\"https:\/\/mapetitetouche.fr\/blog\/articles\/echelle-de-menier\/\"},\"author\":{\"name\":\"Julien P.\",\"@id\":\"https:\/\/mapetitetouche.fr\/blog\/#\/schema\/person\/3c864cdc320801e3db34b663e7e3f816\"},\"headline\":\"\u00c9chelle Meunier : Guide achat et installation\",\"datePublished\":\"2026-06-17T09:00:00+00:00\",\"mainEntityOfPage\":{\"@id\":\"https:\/\/mapetitetouche.fr\/blog\/articles\/echelle-de-menier\/\"},\"wordCount\":809,\"commentCount\":0,\"publisher\":{\"@id\":\"https:\/\/mapetitetouche.fr\/blog\/#organization\"},\"image\":{\"@id\":\"https:\/\/mapetitetouche.fr\/blog\/articles\/echelle-de-menier\/#primaryimage\"},\"thumbnailUrl\":\"https:\/\/images.pexels.com\/photos\/7218680\/pexels-photo-7218680.jpeg?auto=compress&cs=tinysrgb&fit=crop&h=627&w=1200\",\"articleSection\":[\"Articles\"],\"inLanguage\":\"fr-FR\",\"potentialAction\":[{\"@type\":\"CommentAction\",\"name\":\"Comment\",\"target\":[\"https:\/\/mapetitetouche.fr\/blog\/articles\/echelle-de-menier\/#respond\"]}]},{\"@type\":\"WebPage\",\"@id\":\"https:\/\/mapetitetouche.fr\/blog\/articles\/echelle-de-menier\/\",\"url\":\"https:\/\/mapetitetouche.fr\/blog\/articles\/echelle-de-menier\/\",\"name\":\"\u00c9chelle Meunier : Guide achat et installation\",\"isPartOf\":{\"@id\":\"https:\/\/mapetitetouche.fr\/blog\/#website\"},\"primaryImageOfPage\":{\"@id\":\"https:\/\/mapetitetouche.fr\/blog\/articles\/echelle-de-menier\/#primaryimage\"},\"image\":{\"@id\":\"https:\/\/mapetitetouche.fr\/blog\/articles\/echelle-de-menier\/#primaryimage\"},\"thumbnailUrl\":\"https:\/\/images.pexels.com\/photos\/7218680\/pexels-photo-7218680.jpeg?auto=compress&cs=tinysrgb&fit=crop&h=627&w=1200\",\"datePublished\":\"2026-06-17T09:00:00+00:00\",\"description\":\"L\u2019\u00e9chelle de Meunier est un \u00e9quipement essentiel pour acc\u00e9der \u00e0 des espaces en hauteur, comme des greniers ou des combles.\",\"inLanguage\":\"fr-FR\",\"potentialAction\":[{\"@type\":\"ReadAction\",\"target\":[\"https:\/\/mapetitetouche.fr\/blog\/articles\/echelle-de-menier\/\"]}]},{\"@type\":\"ImageObject\",\"inLanguage\":\"fr-FR\",\"@id\":\"https:\/\/mapetitetouche.fr\/blog\/articles\/echelle-de-menier\/#primaryimage\",\"url\":\"https:\/\/images.pexels.com\/photos\/7218680\/pexels-photo-7218680.jpeg?auto=compress&cs=tinysrgb&fit=crop&h=627&w=1200\",\"contentUrl\":\"https:\/\/images.pexels.com\/photos\/7218680\/pexels-photo-7218680.jpeg?auto=compress&cs=tinysrgb&fit=crop&h=627&w=1200\"},{\"@type\":\"WebSite\",\"@id\":\"https:\/\/mapetitetouche.fr\/blog\/#website\",\"url\":\"https:\/\/mapetitetouche.fr\/blog\/\",\"name\":\"mapetitetouche.fr\",\"description\":\"Ma Petite Touche, le DIY qui sublime votre quotidien\",\"publisher\":{\"@id\":\"https:\/\/mapetitetouche.fr\/blog\/#organization\"},\"alternateName\":\"Ma Petite Touche, le DIY qui sublime votre quotidien\",\"potentialAction\":[{\"@type\":\"SearchAction\",\"target\":{\"@type\":\"EntryPoint\",\"urlTemplate\":\"https:\/\/mapetitetouche.fr\/blog\/?s={search_term_string}\"},\"query-input\":{\"@type\":\"PropertyValueSpecification\",\"valueRequired\":true,\"valueName\":\"search_term_string\"}}],\"inLanguage\":\"fr-FR\"},{\"@type\":\"Organization\",\"@id\":\"https:\/\/mapetitetouche.fr\/blog\/#organization\",\"name\":\"Foretsensations.fr\",\"url\":\"https:\/\/mapetitetouche.fr\/blog\/\",\"logo\":{\"@type\":\"ImageObject\",\"inLanguage\":\"fr-FR\",\"@id\":\"https:\/\/mapetitetouche.fr\/blog\/#\/schema\/logo\/image\/\",\"url\":\"https:\/\/mapetitetouche.fr\/blog\/wp-content\/uploads\/2024\/12\/MaPetitetouche.png\",\"contentUrl\":\"https:\/\/mapetitetouche.fr\/blog\/wp-content\/uploads\/2024\/12\/MaPetitetouche.png\",\"width\":500,\"height\":500,\"caption\":\"Foretsensations.fr\"},\"image\":{\"@id\":\"https:\/\/mapetitetouche.fr\/blog\/#\/schema\/logo\/image\/\"}},{\"@type\":\"Person\",\"@id\":\"https:\/\/mapetitetouche.fr\/blog\/#\/schema\/person\/3c864cdc320801e3db34b663e7e3f816\",\"name\":\"Julien P.\",\"image\":{\"@type\":\"ImageObject\",\"inLanguage\":\"fr-FR\",\"@id\":\"https:\/\/mapetitetouche.fr\/blog\/#\/schema\/person\/image\/\",\"url\":\"https:\/\/mapetitetouche.fr\/blog\/wp-content\/uploads\/2026\/06\/persona_julien-p-96x96.jpg\",\"contentUrl\":\"https:\/\/mapetitetouche.fr\/blog\/wp-content\/uploads\/2026\/06\/persona_julien-p-96x96.jpg\",\"caption\":\"Julien P.\"},\"description\":\"Bricoleur et jardinier dans l'\u00e2me, j'\u00e9cris sur la maison et ses ext\u00e9rieurs avec les mains dans le cambouis plus que dans les th\u00e9ories. Mon terrain couvre tout l'habitat : le potager et le jardin au fil des saisons, mais aussi les petits travaux, la r\u00e9novation, le bricolage et les m\u00e9tiers du b\u00e2timent \u2014 toiture, isolation, menuiserie, serrurerie, ma\u00e7onnerie. J'aime expliquer un geste technique simplement, donner des fourchettes de prix r\u00e9alistes et les bons crit\u00e8res pour choisir un mat\u00e9riau ou un artisan. Je teste ce que je peux sur mes propres chantiers et au jardin avant d'en parler, je distingue la tradition de ce que confirme l'observation, et je pr\u00e9cise toujours le contexte \u2014 climat, type de sol, configuration du logement \u2014 parce qu'un m\u00eame conseil ne vaut pas partout. Mon but : rendre l'entretien et l'am\u00e9lioration de la maison accessibles, durables et \u00e9conomes.\",\"url\":\"https:\/\/mapetitetouche.fr\/blog\/auteur\/noname\/\",\"jobTitle\":\"R\u00e9dacteur en chef \u00b7 Maison, Jardin & Travaux\",\"knowsAbout\":[\"Maison\",\"Jardin\",\"Travaux\"],\"email\":\"julien.p@endirectdupotager.fr\"}]}<\/script>\n<!-- \/ Yoast SEO Premium plugin. -->","yoast_head_json":{"title":"\u00c9chelle Meunier : Guide achat et installation","description":"L\u2019\u00e9chelle de Meunier est un \u00e9quipement essentiel pour acc\u00e9der \u00e0 des espaces en hauteur, comme des greniers ou des combles.","robots":{"index":"index","follow":"follow","max-snippet":"max-snippet:-1","max-image-preview":"max-image-preview:large","max-video-preview":"max-video-preview:-1"},"canonical":"https:\/\/mapetitetouche.fr\/blog\/articles\/echelle-de-menier\/","og_locale":"fr_FR","og_type":"article","og_title":"\u00c9chelle Meunier : Guide achat et installation","og_description":"L\u2019\u00e9chelle de Meunier est un \u00e9quipement essentiel pour acc\u00e9der \u00e0 des espaces en hauteur, comme des greniers ou des combles.","og_url":"https:\/\/mapetitetouche.fr\/blog\/articles\/echelle-de-menier\/","og_site_name":"mapetitetouche","author":"Julien P.","twitter_card":"summary_large_image","schema":{"@context":"https:\/\/schema.org","@graph":[{"@type":"NewsArticle","@id":"https:\/\/mapetitetouche.fr\/blog\/articles\/echelle-de-menier\/#article","isPartOf":{"@id":"https:\/\/mapetitetouche.fr\/blog\/articles\/echelle-de-menier\/"},"author":{"name":"Julien P.","@id":"https:\/\/mapetitetouche.fr\/blog\/#\/schema\/person\/3c864cdc320801e3db34b663e7e3f816"},"headline":"\u00c9chelle Meunier : Guide achat et installation","datePublished":"2026-06-17T09:00:00+00:00","mainEntityOfPage":{"@id":"https:\/\/mapetitetouche.fr\/blog\/articles\/echelle-de-menier\/"},"wordCount":809,"commentCount":0,"publisher":{"@id":"https:\/\/mapetitetouche.fr\/blog\/#organization"},"image":{"@id":"https:\/\/mapetitetouche.fr\/blog\/articles\/echelle-de-menier\/#primaryimage"},"thumbnailUrl":"https:\/\/images.pexels.com\/photos\/7218680\/pexels-photo-7218680.jpeg?auto=compress&cs=tinysrgb&fit=crop&h=627&w=1200","articleSection":["Articles"],"inLanguage":"fr-FR","potentialAction":[{"@type":"CommentAction","name":"Comment","target":["https:\/\/mapetitetouche.fr\/blog\/articles\/echelle-de-menier\/#respond"]}]},{"@type":"WebPage","@id":"https:\/\/mapetitetouche.fr\/blog\/articles\/echelle-de-menier\/","url":"https:\/\/mapetitetouche.fr\/blog\/articles\/echelle-de-menier\/","name":"\u00c9chelle Meunier : Guide achat et installation","isPartOf":{"@id":"https:\/\/mapetitetouche.fr\/blog\/#website"},"primaryImageOfPage":{"@id":"https:\/\/mapetitetouche.fr\/blog\/articles\/echelle-de-menier\/#primaryimage"},"image":{"@id":"https:\/\/mapetitetouche.fr\/blog\/articles\/echelle-de-menier\/#primaryimage"},"thumbnailUrl":"https:\/\/images.pexels.com\/photos\/7218680\/pexels-photo-7218680.jpeg?auto=compress&cs=tinysrgb&fit=crop&h=627&w=1200","datePublished":"2026-06-17T09:00:00+00:00","description":"L\u2019\u00e9chelle de Meunier est un \u00e9quipement essentiel pour acc\u00e9der \u00e0 des espaces en hauteur, comme des greniers ou des combles.","inLanguage":"fr-FR","potentialAction":[{"@type":"ReadAction","target":["https:\/\/mapetitetouche.fr\/blog\/articles\/echelle-de-menier\/"]}]},{"@type":"ImageObject","inLanguage":"fr-FR","@id":"https:\/\/mapetitetouche.fr\/blog\/articles\/echelle-de-menier\/#primaryimage","url":"https:\/\/images.pexels.com\/photos\/7218680\/pexels-photo-7218680.jpeg?auto=compress&cs=tinysrgb&fit=crop&h=627&w=1200","contentUrl":"https:\/\/images.pexels.com\/photos\/7218680\/pexels-photo-7218680.jpeg?auto=compress&cs=tinysrgb&fit=crop&h=627&w=1200"},{"@type":"WebSite","@id":"https:\/\/mapetitetouche.fr\/blog\/#website","url":"https:\/\/mapetitetouche.fr\/blog\/","name":"mapetitetouche.fr","description":"Ma Petite Touche, le DIY qui sublime votre quotidien","publisher":{"@id":"https:\/\/mapetitetouche.fr\/blog\/#organization"},"alternateName":"Ma Petite Touche, le DIY qui sublime votre quotidien","potentialAction":[{"@type":"SearchAction","target":{"@type":"EntryPoint","urlTemplate":"https:\/\/mapetitetouche.fr\/blog\/?s={search_term_string}"},"query-input":{"@type":"PropertyValueSpecification","valueRequired":true,"valueName":"search_term_string"}}],"inLanguage":"fr-FR"},{"@type":"Organization","@id":"https:\/\/mapetitetouche.fr\/blog\/#organization","name":"Foretsensations.fr","url":"https:\/\/mapetitetouche.fr\/blog\/","logo":{"@type":"ImageObject","inLanguage":"fr-FR","@id":"https:\/\/mapetitetouche.fr\/blog\/#\/schema\/logo\/image\/","url":"https:\/\/mapetitetouche.fr\/blog\/wp-content\/uploads\/2024\/12\/MaPetitetouche.png","contentUrl":"https:\/\/mapetitetouche.fr\/blog\/wp-content\/uploads\/2024\/12\/MaPetitetouche.png","width":500,"height":500,"caption":"Foretsensations.fr"},"image":{"@id":"https:\/\/mapetitetouche.fr\/blog\/#\/schema\/logo\/image\/"}},{"@type":"Person","@id":"https:\/\/mapetitetouche.fr\/blog\/#\/schema\/person\/3c864cdc320801e3db34b663e7e3f816","name":"Julien P.","image":{"@type":"ImageObject","inLanguage":"fr-FR","@id":"https:\/\/mapetitetouche.fr\/blog\/#\/schema\/person\/image\/","url":"https:\/\/mapetitetouche.fr\/blog\/wp-content\/uploads\/2026\/06\/persona_julien-p-96x96.jpg","contentUrl":"https:\/\/mapetitetouche.fr\/blog\/wp-content\/uploads\/2026\/06\/persona_julien-p-96x96.jpg","caption":"Julien P."},"description":"Bricoleur et jardinier dans l'\u00e2me, j'\u00e9cris sur la maison et ses ext\u00e9rieurs avec les mains dans le cambouis plus que dans les th\u00e9ories. Mon terrain couvre tout l'habitat : le potager et le jardin au fil des saisons, mais aussi les petits travaux, la r\u00e9novation, le bricolage et les m\u00e9tiers du b\u00e2timent \u2014 toiture, isolation, menuiserie, serrurerie, ma\u00e7onnerie. J'aime expliquer un geste technique simplement, donner des fourchettes de prix r\u00e9alistes et les bons crit\u00e8res pour choisir un mat\u00e9riau ou un artisan. Je teste ce que je peux sur mes propres chantiers et au jardin avant d'en parler, je distingue la tradition de ce que confirme l'observation, et je pr\u00e9cise toujours le contexte \u2014 climat, type de sol, configuration du logement \u2014 parce qu'un m\u00eame conseil ne vaut pas partout. Mon but : rendre l'entretien et l'am\u00e9lioration de la maison accessibles, durables et \u00e9conomes.","url":"https:\/\/mapetitetouche.fr\/blog\/auteur\/noname\/","jobTitle":"R\u00e9dacteur en chef \u00b7 Maison, Jardin & Travaux","knowsAbout":["Maison","Jardin","Travaux"],"email":"julien.p@endirectdupotager.fr"}]}},"_links":{"self":[{"href":"https:\/\/mapetitetouche.fr\/blog\/wp-json\/wp\/v2\/posts\/7630","targetHints":{"allow":["GET"]}}],"collection":[{"href":"https:\/\/mapetitetouche.fr\/blog\/wp-json\/wp\/v2\/posts"}],"about":[{"href":"https:\/\/mapetitetouche.fr\/blog\/wp-json\/wp\/v2\/types\/post"}],"author":[{"embeddable":true,"href":"https:\/\/mapetitetouche.fr\/blog\/wp-json\/wp\/v2\/users\/34"}],"replies":[{"embeddable":true,"href":"https:\/\/mapetitetouche.fr\/blog\/wp-json\/wp\/v2\/comments?post=7630"}],"version-history":[{"count":1,"href":"https:\/\/mapetitetouche.fr\/blog\/wp-json\/wp\/v2\/posts\/7630\/revisions"}],"predecessor-version":[{"id":7745,"href":"https:\/\/mapetitetouche.fr\/blog\/wp-json\/wp\/v2\/posts\/7630\/revisions\/7745"}],"wp:attachment":[{"href":"https:\/\/mapetitetouche.fr\/blog\/wp-json\/wp\/v2\/media?parent=7630"}],"wp:term":[{"taxonomy":"category","embeddable":true,"href":"https:\/\/mapetitetouche.fr\/blog\/wp-json\/wp\/v2\/categories?post=7630"},{"taxonomy":"post_tag","embeddable":true,"href":"https:\/\/mapetitetouche.fr\/blog\/wp-json\/wp\/v2\/tags?post=7630"}],"curies":[{"name":"wp","href":"https:\/\/api.w.org\/{rel}","templated":true}]}}