{"id":7634,"date":"2026-06-21T09:00:00","date_gmt":"2026-06-21T09:00:00","guid":{"rendered":"https:\/\/mapetitetouche.fr\/blog\/?p=7634"},"modified":"2026-06-21T09:00:00","modified_gmt":"2026-06-21T09:00:00","slug":"leitz","status":"publish","type":"post","link":"https:\/\/mapetitetouche.fr\/blog\/articles\/leitz\/","title":{"rendered":"Leitz : Outils professionnels 2026"},"content":{"rendered":"<p>Leitz, une marque embl\u00e9matique dans le secteur des fournitures de bureau, se distingue par ses innovations et sa conformit\u00e9 aux normes professionnelles. En 2026, les utilisateurs recherchent des informations sur les outils Leitz qui r\u00e9pondent aux nouvelles exigences r\u00e9glementaires et normatives. Cet article examine les principaux produits de la marque, leurs caract\u00e9ristiques conformes aux normes en vigueur, ainsi que des exemples concrets d\u2019applications dans un environnement professionnel.<\/p>\n<h2>Les incontournables de la gamme Leitz<\/h2>\n<h3>1. Produits de classement et d\u2019organisation<\/h3>\n<p>La gamme Leitz se sp\u00e9cialise dans le classement et l\u2019organisation des documents. Les classeurs Leitz sont con\u00e7us pour respecter les normes ISO 9001, garantissant ainsi leur qualit\u00e9. Par exemple, le <strong>classeur Leitz 180\u00b0<\/strong> permet une ouverture \u00e0 plat \u00e0 180\u00b0, facilitant l\u2019acc\u00e8s aux documents et am\u00e9liorant l\u2019efficacit\u00e9 du travail.<\/p>\n<h3>2. Mat\u00e9riel d\u2019\u00e9criture<\/h3>\n<p>Les stylos et feutres Leitz sont \u00e9galement \u00e0 la pointe de l\u2019innovation. En 2026, leur nouvelle gamme de stylos \u00e0 bille \u00e9coresponsables utilise des mat\u00e9riaux recycl\u00e9s \u00e0 hauteur de 90%, contribuant ainsi \u00e0 r\u00e9duire l\u2019empreinte carbone des bureaux.<\/p>\n<h2>Normes et r\u00e9glementations en vigueur<\/h2>\n<h3>Importance des normes<\/h3>\n<p>Les outils professionnels doivent r\u00e9pondre \u00e0 diverses normes pour garantir s\u00e9curit\u00e9 et efficacit\u00e9. En mati\u00e8re de fournitures de bureau, la conformit\u00e9 aux normes europ\u00e9ennes (EN) est essentielle. Par exemple :<\/p>\n<ul>\n<li><strong>Norme EN 71<\/strong> : S\u00e9curit\u00e9 des jouets (pour les fournitures destin\u00e9es aux enfants).<\/li>\n<li><strong>Norme ISO 14001<\/strong> : Syst\u00e8me de management environnemental.<\/li>\n<\/ul>\n<p>Le respect de ces normes assure non seulement la qualit\u00e9 des produits mais \u00e9galement leur acceptabilit\u00e9 sur le march\u00e9.<\/p>\n<h3>Exemples chiffr\u00e9s<\/h3>\n<p>En 2026, environ <strong>75% des entreprises<\/strong> choisissent des fournisseurs qui respectent ces normes environnementales. De plus, une \u00e9tude a montr\u00e9 que les entreprises utilisant des fournitures \u00e9coresponsables constatent une r\u00e9duction de <strong>20%<\/strong> de leurs co\u00fbts li\u00e9s aux d\u00e9chets.<\/p>\n<h2>Tableau comparatif : Outils Leitz vs concurrents<\/h2>\n<table class=\"kwdbank-table\">\n<thead>\n<tr>\n<th>Produit<\/th>\n<th>Leitz<\/th>\n<th>Concurrent A<\/th>\n<th>Concurrent B<\/th>\n<\/tr>\n<\/thead>\n<tbody>\n<tr>\n<td>Classeur<\/td>\n<td>Classement \u00e0 plat<\/td>\n<td>Ouverture standard<\/td>\n<td>Ouverture limit\u00e9e<\/td>\n<\/tr>\n<tr>\n<td>Stylos \u00e9coresponsables<\/td>\n<td>90% mat\u00e9riaux recycl\u00e9s<\/td>\n<td>Non \u00e9coresponsable<\/td>\n<td>50% mat\u00e9riaux recycl\u00e9s<\/td>\n<\/tr>\n<tr>\n<td>Durabilit\u00e9<\/td>\n<td>Garantie 5 ans<\/td>\n<td>Garantie 2 ans<\/td>\n<td>Aucune garantie<\/td>\n<\/tr>\n<\/tbody>\n<\/table>\n<h2>Pi\u00e8ges \u00e0 \u00e9viter lors du choix d\u2019outils professionnels<\/h2>\n<p>Un pi\u00e8ge fr\u00e9quent est de ne pas tenir compte des certifications lors de l\u2019achat d\u2019outils professionnels. De nombreux produits peuvent sembler attractifs par leur prix ou leur design, mais s\u2019ils ne respectent pas les normes en vigueur, ils peuvent poser des probl\u00e8mes juridiques ou op\u00e9rationnels dans votre entreprise. Il est crucial de v\u00e9rifier la conformit\u00e9 avant tout achat.<\/p>\n<h2>Action imm\u00e9diate : \u00c9valuez vos besoins en fournitures<\/h2>\n<p>Pour optimiser votre environnement de travail en 2026, commencez par faire un \u00e9tat des lieux de vos fournitures actuelles. Identifiez celles qui doivent \u00eatre remplac\u00e9es par des alternatives conformes aux nouvelles r\u00e9glementations. Contactez un fournisseur agr\u00e9\u00e9 pour obtenir un devis sur la gamme Leitz qui r\u00e9pondra le mieux \u00e0 vos besoins.<\/p>\n<h2>FAQ<\/h2>\n<h3>Quels types d\u2019outils propose Leitz ?<\/h3>\n<p>Leitz propose principalement des classeurs, du mat\u00e9riel d\u2019\u00e9criture et divers accessoires pour l\u2019organisation bureautique.<\/p>\n<h3>O\u00f9 acheter des produits Leitz ?<\/h3>\n<p>Les produits Leitz sont disponibles chez les revendeurs sp\u00e9cialis\u00e9s en fournitures de bureau ainsi que sur les plateformes e-commerce comme Amazon ou Cdiscount.<\/p>\n<h3>Les produits Leitz sont-ils \u00e9coresponsables ?<\/h3>\n<p>Oui, une partie significative de la gamme est fabriqu\u00e9e avec des mat\u00e9riaux recycl\u00e9s et respecte les normes environnementales.<\/p>\n<h3>Quelles sont les nouveaut\u00e9s pr\u00e9vues pour 2026 ?<\/h3>\n<p>Leitz pr\u00e9voit plusieurs innovations dans ses gammes d\u2019\u00e9criture et d\u2019organisation pour r\u00e9pondre aux exigences croissantes en mati\u00e8re d\u2019\u00e9cologie et d\u2019efficacit\u00e9 professionnelle.<\/p>\n<h3>Comment v\u00e9rifier si un produit respecte les normes ?<\/h3>\n<p>Vous pouvez consulter l\u2019\u00e9tiquetage du produit ou demander au fournisseur une attestation de conformit\u00e9 aux normes en vigueur.<\/p>\n<h3>Y a-t-il un service apr\u00e8s-vente pour les produits Leitz ?<\/h3>\n<p>Oui, Leitz offre un service apr\u00e8s-vente pour ses produits avec garantie en fonction du type d\u2019article achet\u00e9.<\/p>\n","protected":false},"excerpt":{"rendered":"","protected":false},"author":34,"featured_media":999999999,"comment_status":"open","ping_status":"open","sticky":false,"template":"","format":"standard","meta":{"_acf_changed":false,"manual_indexmenow":false,"indexmenow_id_project":0,"footnotes":""},"categories":[4615],"tags":[],"class_list":["post-7634","post","type-post","status-publish","format-standard","has-post-thumbnail","hentry","category-articles","generate-columns","tablet-grid-50","mobile-grid-100","grid-parent","grid-25"],"acf":[],"yoast_head":"<!-- This site is optimized with the Yoast SEO Premium plugin v21.3 (Yoast SEO v26.5) - https:\/\/yoast.com\/wordpress\/plugins\/seo\/ -->\n<title>Leitz : Outils professionnels 2026<\/title>\n<meta name=\"description\" content=\"Leitz, une marque embl\u00e9matique dans le secteur des fournitures de bureau, se distingue par ses innovations et sa conformit\u00e9 aux normes professionnelles.\" \/>\n<meta name=\"robots\" content=\"index, follow, max-snippet:-1, max-image-preview:large, max-video-preview:-1\" \/>\n<link rel=\"canonical\" href=\"https:\/\/mapetitetouche.fr\/blog\/articles\/leitz\/\" \/>\n<meta property=\"og:locale\" content=\"fr_FR\" \/>\n<meta property=\"og:type\" content=\"article\" \/>\n<meta property=\"og:title\" content=\"Leitz : Outils professionnels 2026\" \/>\n<meta property=\"og:description\" content=\"Leitz, une marque embl\u00e9matique dans le secteur des fournitures de bureau, se distingue par ses innovations et sa conformit\u00e9 aux normes professionnelles.\" \/>\n<meta property=\"og:url\" content=\"https:\/\/mapetitetouche.fr\/blog\/articles\/leitz\/\" \/>\n<meta property=\"og:site_name\" content=\"mapetitetouche\" \/>\n<meta name=\"author\" content=\"Julien P.\" \/>\n<meta name=\"twitter:card\" content=\"summary_large_image\" \/>\n<script type=\"application\/ld+json\" class=\"yoast-schema-graph\">{\"@context\":\"https:\/\/schema.org\",\"@graph\":[{\"@type\":\"NewsArticle\",\"@id\":\"https:\/\/mapetitetouche.fr\/blog\/articles\/leitz\/#article\",\"isPartOf\":{\"@id\":\"https:\/\/mapetitetouche.fr\/blog\/articles\/leitz\/\"},\"author\":{\"name\":\"Julien P.\",\"@id\":\"https:\/\/mapetitetouche.fr\/blog\/#\/schema\/person\/3c864cdc320801e3db34b663e7e3f816\"},\"headline\":\"Leitz : Outils professionnels 2026\",\"datePublished\":\"2026-06-21T09:00:00+00:00\",\"mainEntityOfPage\":{\"@id\":\"https:\/\/mapetitetouche.fr\/blog\/articles\/leitz\/\"},\"wordCount\":647,\"commentCount\":0,\"publisher\":{\"@id\":\"https:\/\/mapetitetouche.fr\/blog\/#organization\"},\"image\":{\"@id\":\"https:\/\/mapetitetouche.fr\/blog\/articles\/leitz\/#primaryimage\"},\"thumbnailUrl\":\"https:\/\/images.pexels.com\/photos\/7484154\/pexels-photo-7484154.jpeg?auto=compress&cs=tinysrgb&fit=crop&h=627&w=1200\",\"articleSection\":[\"Articles\"],\"inLanguage\":\"fr-FR\",\"potentialAction\":[{\"@type\":\"CommentAction\",\"name\":\"Comment\",\"target\":[\"https:\/\/mapetitetouche.fr\/blog\/articles\/leitz\/#respond\"]}]},{\"@type\":\"WebPage\",\"@id\":\"https:\/\/mapetitetouche.fr\/blog\/articles\/leitz\/\",\"url\":\"https:\/\/mapetitetouche.fr\/blog\/articles\/leitz\/\",\"name\":\"Leitz : Outils professionnels 2026\",\"isPartOf\":{\"@id\":\"https:\/\/mapetitetouche.fr\/blog\/#website\"},\"primaryImageOfPage\":{\"@id\":\"https:\/\/mapetitetouche.fr\/blog\/articles\/leitz\/#primaryimage\"},\"image\":{\"@id\":\"https:\/\/mapetitetouche.fr\/blog\/articles\/leitz\/#primaryimage\"},\"thumbnailUrl\":\"https:\/\/images.pexels.com\/photos\/7484154\/pexels-photo-7484154.jpeg?auto=compress&cs=tinysrgb&fit=crop&h=627&w=1200\",\"datePublished\":\"2026-06-21T09:00:00+00:00\",\"description\":\"Leitz, une marque embl\u00e9matique dans le secteur des fournitures de bureau, se distingue par ses innovations et sa conformit\u00e9 aux normes professionnelles.\",\"inLanguage\":\"fr-FR\",\"potentialAction\":[{\"@type\":\"ReadAction\",\"target\":[\"https:\/\/mapetitetouche.fr\/blog\/articles\/leitz\/\"]}]},{\"@type\":\"ImageObject\",\"inLanguage\":\"fr-FR\",\"@id\":\"https:\/\/mapetitetouche.fr\/blog\/articles\/leitz\/#primaryimage\",\"url\":\"https:\/\/images.pexels.com\/photos\/7484154\/pexels-photo-7484154.jpeg?auto=compress&cs=tinysrgb&fit=crop&h=627&w=1200\",\"contentUrl\":\"https:\/\/images.pexels.com\/photos\/7484154\/pexels-photo-7484154.jpeg?auto=compress&cs=tinysrgb&fit=crop&h=627&w=1200\"},{\"@type\":\"WebSite\",\"@id\":\"https:\/\/mapetitetouche.fr\/blog\/#website\",\"url\":\"https:\/\/mapetitetouche.fr\/blog\/\",\"name\":\"mapetitetouche.fr\",\"description\":\"Ma Petite Touche, le DIY qui sublime votre quotidien\",\"publisher\":{\"@id\":\"https:\/\/mapetitetouche.fr\/blog\/#organization\"},\"alternateName\":\"Ma Petite Touche, le DIY qui sublime votre quotidien\",\"potentialAction\":[{\"@type\":\"SearchAction\",\"target\":{\"@type\":\"EntryPoint\",\"urlTemplate\":\"https:\/\/mapetitetouche.fr\/blog\/?s={search_term_string}\"},\"query-input\":{\"@type\":\"PropertyValueSpecification\",\"valueRequired\":true,\"valueName\":\"search_term_string\"}}],\"inLanguage\":\"fr-FR\"},{\"@type\":\"Organization\",\"@id\":\"https:\/\/mapetitetouche.fr\/blog\/#organization\",\"name\":\"Foretsensations.fr\",\"url\":\"https:\/\/mapetitetouche.fr\/blog\/\",\"logo\":{\"@type\":\"ImageObject\",\"inLanguage\":\"fr-FR\",\"@id\":\"https:\/\/mapetitetouche.fr\/blog\/#\/schema\/logo\/image\/\",\"url\":\"https:\/\/mapetitetouche.fr\/blog\/wp-content\/uploads\/2024\/12\/MaPetitetouche.png\",\"contentUrl\":\"https:\/\/mapetitetouche.fr\/blog\/wp-content\/uploads\/2024\/12\/MaPetitetouche.png\",\"width\":500,\"height\":500,\"caption\":\"Foretsensations.fr\"},\"image\":{\"@id\":\"https:\/\/mapetitetouche.fr\/blog\/#\/schema\/logo\/image\/\"}},{\"@type\":\"Person\",\"@id\":\"https:\/\/mapetitetouche.fr\/blog\/#\/schema\/person\/3c864cdc320801e3db34b663e7e3f816\",\"name\":\"Julien P.\",\"image\":{\"@type\":\"ImageObject\",\"inLanguage\":\"fr-FR\",\"@id\":\"https:\/\/mapetitetouche.fr\/blog\/#\/schema\/person\/image\/\",\"url\":\"https:\/\/mapetitetouche.fr\/blog\/wp-content\/uploads\/2026\/06\/persona_julien-p-96x96.jpg\",\"contentUrl\":\"https:\/\/mapetitetouche.fr\/blog\/wp-content\/uploads\/2026\/06\/persona_julien-p-96x96.jpg\",\"caption\":\"Julien P.\"},\"description\":\"Bricoleur et jardinier dans l'\u00e2me, j'\u00e9cris sur la maison et ses ext\u00e9rieurs avec les mains dans le cambouis plus que dans les th\u00e9ories. Mon terrain couvre tout l'habitat : le potager et le jardin au fil des saisons, mais aussi les petits travaux, la r\u00e9novation, le bricolage et les m\u00e9tiers du b\u00e2timent \u2014 toiture, isolation, menuiserie, serrurerie, ma\u00e7onnerie. J'aime expliquer un geste technique simplement, donner des fourchettes de prix r\u00e9alistes et les bons crit\u00e8res pour choisir un mat\u00e9riau ou un artisan. Je teste ce que je peux sur mes propres chantiers et au jardin avant d'en parler, je distingue la tradition de ce que confirme l'observation, et je pr\u00e9cise toujours le contexte \u2014 climat, type de sol, configuration du logement \u2014 parce qu'un m\u00eame conseil ne vaut pas partout. Mon but : rendre l'entretien et l'am\u00e9lioration de la maison accessibles, durables et \u00e9conomes.\",\"url\":\"https:\/\/mapetitetouche.fr\/blog\/auteur\/noname\/\",\"jobTitle\":\"R\u00e9dacteur en chef \u00b7 Maison, Jardin & Travaux\",\"knowsAbout\":[\"Maison\",\"Jardin\",\"Travaux\"],\"email\":\"julien.p@endirectdupotager.fr\"}]}<\/script>\n<!-- \/ Yoast SEO Premium plugin. -->","yoast_head_json":{"title":"Leitz : Outils professionnels 2026","description":"Leitz, une marque embl\u00e9matique dans le secteur des fournitures de bureau, se distingue par ses innovations et sa conformit\u00e9 aux normes professionnelles.","robots":{"index":"index","follow":"follow","max-snippet":"max-snippet:-1","max-image-preview":"max-image-preview:large","max-video-preview":"max-video-preview:-1"},"canonical":"https:\/\/mapetitetouche.fr\/blog\/articles\/leitz\/","og_locale":"fr_FR","og_type":"article","og_title":"Leitz : Outils professionnels 2026","og_description":"Leitz, une marque embl\u00e9matique dans le secteur des fournitures de bureau, se distingue par ses innovations et sa conformit\u00e9 aux normes professionnelles.","og_url":"https:\/\/mapetitetouche.fr\/blog\/articles\/leitz\/","og_site_name":"mapetitetouche","author":"Julien P.","twitter_card":"summary_large_image","schema":{"@context":"https:\/\/schema.org","@graph":[{"@type":"NewsArticle","@id":"https:\/\/mapetitetouche.fr\/blog\/articles\/leitz\/#article","isPartOf":{"@id":"https:\/\/mapetitetouche.fr\/blog\/articles\/leitz\/"},"author":{"name":"Julien P.","@id":"https:\/\/mapetitetouche.fr\/blog\/#\/schema\/person\/3c864cdc320801e3db34b663e7e3f816"},"headline":"Leitz : Outils professionnels 2026","datePublished":"2026-06-21T09:00:00+00:00","mainEntityOfPage":{"@id":"https:\/\/mapetitetouche.fr\/blog\/articles\/leitz\/"},"wordCount":647,"commentCount":0,"publisher":{"@id":"https:\/\/mapetitetouche.fr\/blog\/#organization"},"image":{"@id":"https:\/\/mapetitetouche.fr\/blog\/articles\/leitz\/#primaryimage"},"thumbnailUrl":"https:\/\/images.pexels.com\/photos\/7484154\/pexels-photo-7484154.jpeg?auto=compress&cs=tinysrgb&fit=crop&h=627&w=1200","articleSection":["Articles"],"inLanguage":"fr-FR","potentialAction":[{"@type":"CommentAction","name":"Comment","target":["https:\/\/mapetitetouche.fr\/blog\/articles\/leitz\/#respond"]}]},{"@type":"WebPage","@id":"https:\/\/mapetitetouche.fr\/blog\/articles\/leitz\/","url":"https:\/\/mapetitetouche.fr\/blog\/articles\/leitz\/","name":"Leitz : Outils professionnels 2026","isPartOf":{"@id":"https:\/\/mapetitetouche.fr\/blog\/#website"},"primaryImageOfPage":{"@id":"https:\/\/mapetitetouche.fr\/blog\/articles\/leitz\/#primaryimage"},"image":{"@id":"https:\/\/mapetitetouche.fr\/blog\/articles\/leitz\/#primaryimage"},"thumbnailUrl":"https:\/\/images.pexels.com\/photos\/7484154\/pexels-photo-7484154.jpeg?auto=compress&cs=tinysrgb&fit=crop&h=627&w=1200","datePublished":"2026-06-21T09:00:00+00:00","description":"Leitz, une marque embl\u00e9matique dans le secteur des fournitures de bureau, se distingue par ses innovations et sa conformit\u00e9 aux normes professionnelles.","inLanguage":"fr-FR","potentialAction":[{"@type":"ReadAction","target":["https:\/\/mapetitetouche.fr\/blog\/articles\/leitz\/"]}]},{"@type":"ImageObject","inLanguage":"fr-FR","@id":"https:\/\/mapetitetouche.fr\/blog\/articles\/leitz\/#primaryimage","url":"https:\/\/images.pexels.com\/photos\/7484154\/pexels-photo-7484154.jpeg?auto=compress&cs=tinysrgb&fit=crop&h=627&w=1200","contentUrl":"https:\/\/images.pexels.com\/photos\/7484154\/pexels-photo-7484154.jpeg?auto=compress&cs=tinysrgb&fit=crop&h=627&w=1200"},{"@type":"WebSite","@id":"https:\/\/mapetitetouche.fr\/blog\/#website","url":"https:\/\/mapetitetouche.fr\/blog\/","name":"mapetitetouche.fr","description":"Ma Petite Touche, le DIY qui sublime votre quotidien","publisher":{"@id":"https:\/\/mapetitetouche.fr\/blog\/#organization"},"alternateName":"Ma Petite Touche, le DIY qui sublime votre quotidien","potentialAction":[{"@type":"SearchAction","target":{"@type":"EntryPoint","urlTemplate":"https:\/\/mapetitetouche.fr\/blog\/?s={search_term_string}"},"query-input":{"@type":"PropertyValueSpecification","valueRequired":true,"valueName":"search_term_string"}}],"inLanguage":"fr-FR"},{"@type":"Organization","@id":"https:\/\/mapetitetouche.fr\/blog\/#organization","name":"Foretsensations.fr","url":"https:\/\/mapetitetouche.fr\/blog\/","logo":{"@type":"ImageObject","inLanguage":"fr-FR","@id":"https:\/\/mapetitetouche.fr\/blog\/#\/schema\/logo\/image\/","url":"https:\/\/mapetitetouche.fr\/blog\/wp-content\/uploads\/2024\/12\/MaPetitetouche.png","contentUrl":"https:\/\/mapetitetouche.fr\/blog\/wp-content\/uploads\/2024\/12\/MaPetitetouche.png","width":500,"height":500,"caption":"Foretsensations.fr"},"image":{"@id":"https:\/\/mapetitetouche.fr\/blog\/#\/schema\/logo\/image\/"}},{"@type":"Person","@id":"https:\/\/mapetitetouche.fr\/blog\/#\/schema\/person\/3c864cdc320801e3db34b663e7e3f816","name":"Julien P.","image":{"@type":"ImageObject","inLanguage":"fr-FR","@id":"https:\/\/mapetitetouche.fr\/blog\/#\/schema\/person\/image\/","url":"https:\/\/mapetitetouche.fr\/blog\/wp-content\/uploads\/2026\/06\/persona_julien-p-96x96.jpg","contentUrl":"https:\/\/mapetitetouche.fr\/blog\/wp-content\/uploads\/2026\/06\/persona_julien-p-96x96.jpg","caption":"Julien P."},"description":"Bricoleur et jardinier dans l'\u00e2me, j'\u00e9cris sur la maison et ses ext\u00e9rieurs avec les mains dans le cambouis plus que dans les th\u00e9ories. Mon terrain couvre tout l'habitat : le potager et le jardin au fil des saisons, mais aussi les petits travaux, la r\u00e9novation, le bricolage et les m\u00e9tiers du b\u00e2timent \u2014 toiture, isolation, menuiserie, serrurerie, ma\u00e7onnerie. J'aime expliquer un geste technique simplement, donner des fourchettes de prix r\u00e9alistes et les bons crit\u00e8res pour choisir un mat\u00e9riau ou un artisan. Je teste ce que je peux sur mes propres chantiers et au jardin avant d'en parler, je distingue la tradition de ce que confirme l'observation, et je pr\u00e9cise toujours le contexte \u2014 climat, type de sol, configuration du logement \u2014 parce qu'un m\u00eame conseil ne vaut pas partout. Mon but : rendre l'entretien et l'am\u00e9lioration de la maison accessibles, durables et \u00e9conomes.","url":"https:\/\/mapetitetouche.fr\/blog\/auteur\/noname\/","jobTitle":"R\u00e9dacteur en chef \u00b7 Maison, Jardin & Travaux","knowsAbout":["Maison","Jardin","Travaux"],"email":"julien.p@endirectdupotager.fr"}]}},"_links":{"self":[{"href":"https:\/\/mapetitetouche.fr\/blog\/wp-json\/wp\/v2\/posts\/7634","targetHints":{"allow":["GET"]}}],"collection":[{"href":"https:\/\/mapetitetouche.fr\/blog\/wp-json\/wp\/v2\/posts"}],"about":[{"href":"https:\/\/mapetitetouche.fr\/blog\/wp-json\/wp\/v2\/types\/post"}],"author":[{"embeddable":true,"href":"https:\/\/mapetitetouche.fr\/blog\/wp-json\/wp\/v2\/users\/34"}],"replies":[{"embeddable":true,"href":"https:\/\/mapetitetouche.fr\/blog\/wp-json\/wp\/v2\/comments?post=7634"}],"version-history":[{"count":1,"href":"https:\/\/mapetitetouche.fr\/blog\/wp-json\/wp\/v2\/posts\/7634\/revisions"}],"predecessor-version":[{"id":7749,"href":"https:\/\/mapetitetouche.fr\/blog\/wp-json\/wp\/v2\/posts\/7634\/revisions\/7749"}],"wp:attachment":[{"href":"https:\/\/mapetitetouche.fr\/blog\/wp-json\/wp\/v2\/media?parent=7634"}],"wp:term":[{"taxonomy":"category","embeddable":true,"href":"https:\/\/mapetitetouche.fr\/blog\/wp-json\/wp\/v2\/categories?post=7634"},{"taxonomy":"post_tag","embeddable":true,"href":"https:\/\/mapetitetouche.fr\/blog\/wp-json\/wp\/v2\/tags?post=7634"}],"curies":[{"name":"wp","href":"https:\/\/api.w.org\/{rel}","templated":true}]}}