{"id":7637,"date":"2026-06-25T09:00:00","date_gmt":"2026-06-25T09:00:00","guid":{"rendered":"https:\/\/mapetitetouche.fr\/blog\/?p=7637"},"modified":"2026-08-24T00:38:01","modified_gmt":"2026-08-23T22:38:01","slug":"bricorama-viry-noureuil-viry-noureuil","status":"publish","type":"post","link":"https:\/\/mapetitetouche.fr\/blog\/articles\/bricorama-viry-noureuil-viry-noureuil\/","title":{"rendered":"Bricorama Viry-Noureuil : horaires, adresse et fermeture"},"content":{"rendered":"<p><strong>Le Bricorama de Viry-Noureuil se trouve dans le centre commercial Auchan, 38 lieu-dit Les Rincettes, 02300 Viry-Noureuil. Il est ferm\u00e9 le dimanche, et ferme le midi en semaine : comptez une ouverture vers 9h, une coupure m\u00e9ridienne autour de 12h-14h et une fermeture en fin de journ\u00e9e vers 19h.<\/strong> Les horaires exacts bougent selon les saisons et les jours f\u00e9ri\u00e9s : v\u00e9rifiez-les sur la fiche officielle du magasin avant de vous d\u00e9placer.<\/p>\n<aside>\n<p><strong>\u26a1 En bref<\/strong><\/p>\n<ul>\n<li><strong>O\u00f9<\/strong> : C.C. Auchan, 38 lieu-dit Les Rincettes, 02300 Viry-Noureuil (Aisne).<\/li>\n<li><strong>Fermeture hebdomadaire<\/strong> : le magasin est ferm\u00e9 le dimanche.<\/li>\n<li><strong>Fermeture le midi<\/strong> : oui en semaine, contrairement aux grandes surfaces de bricolage voisines qui pratiquent souvent la journ\u00e9e continue.<\/li>\n<li><strong>\u00c0 v\u00e9rifier avant de partir<\/strong> : les jours f\u00e9ri\u00e9s, les veilles de f\u00eate et les p\u00e9riodes de travaux modifient r\u00e9guli\u00e8rement les horaires.<\/li>\n<\/ul>\n<\/aside>\n<h2>\u00c0 quelle heure ferme Bricorama Viry-Noureuil ?<\/h2>\n<p>C&rsquo;est la question la plus pos\u00e9e sur ce magasin, et la r\u00e9ponse tient en deux points. D&rsquo;abord, la <strong>fermeture du soir intervient en fin de journ\u00e9e, autour de 19h<\/strong> : si vous partez du travail \u00e0 18h30, vous avez tr\u00e8s peu de marge. Ensuite, et c&rsquo;est le pi\u00e8ge classique, <strong>le magasin ferme aussi le midi en semaine<\/strong>. Arriver \u00e0 12h30 en pensant profiter de la pause d\u00e9jeuner pour acheter une bo\u00eete de chevilles est le meilleur moyen de trouver porte close.<\/p>\n<p>Le samedi, l&rsquo;amplitude est g\u00e9n\u00e9ralement plus large qu&rsquo;en semaine, la coupure du midi pouvant \u00eatre r\u00e9duite ou supprim\u00e9e selon les p\u00e9riodes. C&rsquo;est aussi le jour le plus fr\u00e9quent\u00e9 : si vous avez besoin d&rsquo;un conseil en rayon plut\u00f4t que d&rsquo;un simple achat, pr\u00e9f\u00e9rez un matin de semaine.<\/p>\n<h2>Bricorama Viry-Noureuil est-il ferm\u00e9 d\u00e9finitivement ?<\/h2>\n<p>Non. Le point de vente figure toujours parmi les magasins de l&rsquo;enseigne dans l&rsquo;Aisne et reste r\u00e9f\u00e9renc\u00e9 \u00e0 l&rsquo;adresse du centre commercial Auchan. La requ\u00eate \u00ab fermeture Bricorama Viry-Noureuil \u00bb recouvre en r\u00e9alit\u00e9 deux besoins tr\u00e8s diff\u00e9rents : conna\u00eetre l&rsquo;<strong>heure de fermeture du jour<\/strong> pour ceux qui veulent y passer, et v\u00e9rifier que le magasin <strong>existe encore<\/strong> pour ceux qui n&rsquo;y sont pas all\u00e9s depuis longtemps. Dans les deux cas, la fiche magasin sur le site de l&rsquo;enseigne et la fiche Google du magasin sont les seules sources qui affichent l&rsquo;horaire du jour en temps r\u00e9el, jours f\u00e9ri\u00e9s compris.<\/p>\n<h2>Comment y aller<\/h2>\n<ul>\n<li><strong>Adresse<\/strong> : Centre commercial Auchan, 38 lieu-dit Les Rincettes, 02300 Viry-Noureuil.<\/li>\n<li><strong>Rep\u00e8re<\/strong> : la zone commerciale se situe \u00e0 la sortie de Chauny, en bordure de la RN, avec un parking commun \u00e0 la galerie.<\/li>\n<li><strong>Autour<\/strong> : le fait d&rsquo;\u00eatre adoss\u00e9 \u00e0 un hypermarch\u00e9 permet d&rsquo;encha\u00eener les courses et le bricolage sur un m\u00eame d\u00e9placement, ce qui compense la coupure m\u00e9ridienne du magasin.<\/li>\n<\/ul>\n<h2>Le r\u00e9flexe qui \u00e9vite le d\u00e9placement pour rien<\/h2>\n<p>Les horaires affich\u00e9s par les annuaires en ligne sont recopi\u00e9s d&rsquo;une source \u00e0 l&rsquo;autre et vieillissent mal : on trouve encore, pour ce magasin comme pour beaucoup d&rsquo;autres, des grilles horaires qui datent de plusieurs ann\u00e9es. Avant un trajet, faites le tour de trois \u00e9l\u00e9ments : la fiche du magasin sur <em>bricorama.fr<\/em>, la fiche Google du magasin (qui affiche \u00ab Ouvert \/ Ferme \u00e0 \u2026 \u00bb en direct et signale les horaires exceptionnels), et un appel au magasin si votre achat est urgent. Ce r\u00e9flexe vaut particuli\u00e8rement autour du 1er mai, du 8 mai, de l&rsquo;Ascension, du 15 ao\u00fbt, du 1er novembre et des f\u00eates de fin d&rsquo;ann\u00e9e.<\/p>\n<aside>\n<p><strong>\ud83c\udfaf \u00c0 retenir<\/strong> \u2014 Ferm\u00e9 le dimanche, ferm\u00e9 le midi en semaine, fermeture du soir vers 19h : les deux erreurs classiques sont d&rsquo;arriver pendant la pause d\u00e9jeuner et de compter sur une ouverture dominicale. Un coup d&rsquo;\u0153il \u00e0 la fiche officielle avant de prendre la voiture r\u00e8gle le probl\u00e8me.<\/p>\n<\/aside>\n<h2>Questions fr\u00e9quentes<\/h2>\n<details>\n<summary>Bricorama Viry-Noureuil est-il ouvert le dimanche ?<\/summary>\n<p>Non. Le magasin est ferm\u00e9 le dimanche. Pour un d\u00e9pannage dominical, il faut se tourner vers les enseignes de bricolage qui ouvrent le dimanche matin dans le secteur de Chauny-Saint-Quentin, en v\u00e9rifiant au pr\u00e9alable leurs horaires du jour.<\/p>\n<\/details>\n<details>\n<summary>Le magasin ferme-t-il vraiment entre midi et deux ?<\/summary>\n<p>Oui, en semaine. C&rsquo;est une diff\u00e9rence notable avec les grandes surfaces de bricolage qui pratiquent la journ\u00e9e continue. Le samedi, l&rsquo;amplitude est en g\u00e9n\u00e9ral plus large.<\/p>\n<\/details>\n<details>\n<summary>O\u00f9 trouver l&rsquo;horaire exact du jour ?<\/summary>\n<p>Sur la fiche du magasin sur bricorama.fr et sur sa fiche Google, qui affichent l&rsquo;\u00e9tat d&rsquo;ouverture en direct et signalent les horaires exceptionnels des jours f\u00e9ri\u00e9s. Les annuaires tiers reprennent souvent des donn\u00e9es p\u00e9rim\u00e9es.<\/p>\n<\/details>\n<details>\n<summary>Quelle est l&rsquo;adresse pr\u00e9cise ?<\/summary>\n<p>Centre commercial Auchan, 38 lieu-dit Les Rincettes, 02300 Viry-Noureuil, dans l&rsquo;Aisne, aux portes de Chauny.<\/p>\n<\/details>\n<details>\n<summary>Peut-on retirer une commande en magasin ?<\/summary>\n<p>L&rsquo;enseigne propose le retrait en magasin sur une partie de son catalogue en ligne. La disponibilit\u00e9 d\u00e9pend du produit et du magasin : la fiche produit sur le site de l&rsquo;enseigne indique, r\u00e9f\u00e9rence par r\u00e9f\u00e9rence, si le retrait \u00e0 Viry-Noureuil est possible.<\/p>\n<\/details>\n","protected":false},"excerpt":{"rendered":"","protected":false},"author":34,"featured_media":999999999,"comment_status":"open","ping_status":"open","sticky":false,"template":"","format":"standard","meta":{"_acf_changed":false,"manual_indexmenow":false,"indexmenow_id_project":0,"footnotes":""},"categories":[4615],"tags":[],"class_list":["post-7637","post","type-post","status-publish","format-standard","has-post-thumbnail","hentry","category-articles","generate-columns","tablet-grid-50","mobile-grid-100","grid-parent","grid-25"],"acf":[],"yoast_head":"<!-- This site is optimized with the Yoast SEO Premium plugin v21.3 (Yoast SEO v26.5) - https:\/\/yoast.com\/wordpress\/plugins\/seo\/ -->\n<title>Bricorama Viry-Noureuil : horaires, adresse et fermeture<\/title>\n<meta name=\"description\" content=\"Bricorama Viry-Noureuil : adresse au C.C. Auchan, fermeture le dimanche, coupure du midi en semaine. Comment v\u00e9rifier l&#039;horaire du jour avant de vous d\u00e9placer.\" \/>\n<meta name=\"robots\" content=\"index, follow, max-snippet:-1, max-image-preview:large, max-video-preview:-1\" \/>\n<link rel=\"canonical\" href=\"https:\/\/mapetitetouche.fr\/blog\/articles\/bricorama-viry-noureuil-viry-noureuil\/\" \/>\n<meta property=\"og:locale\" content=\"fr_FR\" \/>\n<meta property=\"og:type\" content=\"article\" \/>\n<meta property=\"og:title\" content=\"Bricorama Viry-Noureuil : horaires, adresse et fermeture\" \/>\n<meta property=\"og:description\" content=\"Bricorama Viry-Noureuil : adresse au C.C. Auchan, fermeture le dimanche, coupure du midi en semaine. Comment v\u00e9rifier l&#039;horaire du jour avant de vous d\u00e9placer.\" \/>\n<meta property=\"og:url\" content=\"https:\/\/mapetitetouche.fr\/blog\/articles\/bricorama-viry-noureuil-viry-noureuil\/\" \/>\n<meta property=\"og:site_name\" content=\"mapetitetouche\" \/>\n<meta name=\"author\" content=\"Julien P.\" \/>\n<meta name=\"twitter:card\" content=\"summary_large_image\" \/>\n<script type=\"application\/ld+json\" class=\"yoast-schema-graph\">{\"@context\":\"https:\/\/schema.org\",\"@graph\":[{\"@type\":\"NewsArticle\",\"@id\":\"https:\/\/mapetitetouche.fr\/blog\/articles\/bricorama-viry-noureuil-viry-noureuil\/#article\",\"isPartOf\":{\"@id\":\"https:\/\/mapetitetouche.fr\/blog\/articles\/bricorama-viry-noureuil-viry-noureuil\/\"},\"author\":{\"name\":\"Julien P.\",\"@id\":\"https:\/\/mapetitetouche.fr\/blog\/#\/schema\/person\/3c864cdc320801e3db34b663e7e3f816\"},\"headline\":\"Bricorama Viry-Noureuil : horaires, adresse et fermeture\",\"datePublished\":\"2026-06-25T09:00:00+00:00\",\"dateModified\":\"2026-08-23T22:38:01+00:00\",\"mainEntityOfPage\":{\"@id\":\"https:\/\/mapetitetouche.fr\/blog\/articles\/bricorama-viry-noureuil-viry-noureuil\/\"},\"wordCount\":870,\"commentCount\":0,\"publisher\":{\"@id\":\"https:\/\/mapetitetouche.fr\/blog\/#organization\"},\"image\":{\"@id\":\"https:\/\/mapetitetouche.fr\/blog\/articles\/bricorama-viry-noureuil-viry-noureuil\/#primaryimage\"},\"thumbnailUrl\":\"https:\/\/images.pexels.com\/photos\/15021373\/pexels-photo-15021373.jpeg?auto=compress&cs=tinysrgb&fit=crop&h=627&w=1200\",\"articleSection\":[\"Articles\"],\"inLanguage\":\"fr-FR\",\"potentialAction\":[{\"@type\":\"CommentAction\",\"name\":\"Comment\",\"target\":[\"https:\/\/mapetitetouche.fr\/blog\/articles\/bricorama-viry-noureuil-viry-noureuil\/#respond\"]}]},{\"@type\":\"WebPage\",\"@id\":\"https:\/\/mapetitetouche.fr\/blog\/articles\/bricorama-viry-noureuil-viry-noureuil\/\",\"url\":\"https:\/\/mapetitetouche.fr\/blog\/articles\/bricorama-viry-noureuil-viry-noureuil\/\",\"name\":\"Bricorama Viry-Noureuil : horaires, adresse et fermeture\",\"isPartOf\":{\"@id\":\"https:\/\/mapetitetouche.fr\/blog\/#website\"},\"primaryImageOfPage\":{\"@id\":\"https:\/\/mapetitetouche.fr\/blog\/articles\/bricorama-viry-noureuil-viry-noureuil\/#primaryimage\"},\"image\":{\"@id\":\"https:\/\/mapetitetouche.fr\/blog\/articles\/bricorama-viry-noureuil-viry-noureuil\/#primaryimage\"},\"thumbnailUrl\":\"https:\/\/images.pexels.com\/photos\/15021373\/pexels-photo-15021373.jpeg?auto=compress&cs=tinysrgb&fit=crop&h=627&w=1200\",\"datePublished\":\"2026-06-25T09:00:00+00:00\",\"dateModified\":\"2026-08-23T22:38:01+00:00\",\"description\":\"Bricorama Viry-Noureuil : adresse au C.C. Auchan, fermeture le dimanche, coupure du midi en semaine. Comment v\u00e9rifier l'horaire du jour avant de vous d\u00e9placer.\",\"inLanguage\":\"fr-FR\",\"potentialAction\":[{\"@type\":\"ReadAction\",\"target\":[\"https:\/\/mapetitetouche.fr\/blog\/articles\/bricorama-viry-noureuil-viry-noureuil\/\"]}]},{\"@type\":\"ImageObject\",\"inLanguage\":\"fr-FR\",\"@id\":\"https:\/\/mapetitetouche.fr\/blog\/articles\/bricorama-viry-noureuil-viry-noureuil\/#primaryimage\",\"url\":\"https:\/\/images.pexels.com\/photos\/15021373\/pexels-photo-15021373.jpeg?auto=compress&cs=tinysrgb&fit=crop&h=627&w=1200\",\"contentUrl\":\"https:\/\/images.pexels.com\/photos\/15021373\/pexels-photo-15021373.jpeg?auto=compress&cs=tinysrgb&fit=crop&h=627&w=1200\"},{\"@type\":\"WebSite\",\"@id\":\"https:\/\/mapetitetouche.fr\/blog\/#website\",\"url\":\"https:\/\/mapetitetouche.fr\/blog\/\",\"name\":\"mapetitetouche.fr\",\"description\":\"Ma Petite Touche, le DIY qui sublime votre quotidien\",\"publisher\":{\"@id\":\"https:\/\/mapetitetouche.fr\/blog\/#organization\"},\"alternateName\":\"Ma Petite Touche, le DIY qui sublime votre quotidien\",\"potentialAction\":[{\"@type\":\"SearchAction\",\"target\":{\"@type\":\"EntryPoint\",\"urlTemplate\":\"https:\/\/mapetitetouche.fr\/blog\/?s={search_term_string}\"},\"query-input\":{\"@type\":\"PropertyValueSpecification\",\"valueRequired\":true,\"valueName\":\"search_term_string\"}}],\"inLanguage\":\"fr-FR\"},{\"@type\":\"Organization\",\"@id\":\"https:\/\/mapetitetouche.fr\/blog\/#organization\",\"name\":\"Foretsensations.fr\",\"url\":\"https:\/\/mapetitetouche.fr\/blog\/\",\"logo\":{\"@type\":\"ImageObject\",\"inLanguage\":\"fr-FR\",\"@id\":\"https:\/\/mapetitetouche.fr\/blog\/#\/schema\/logo\/image\/\",\"url\":\"https:\/\/mapetitetouche.fr\/blog\/wp-content\/uploads\/2024\/12\/MaPetitetouche.png\",\"contentUrl\":\"https:\/\/mapetitetouche.fr\/blog\/wp-content\/uploads\/2024\/12\/MaPetitetouche.png\",\"width\":500,\"height\":500,\"caption\":\"Foretsensations.fr\"},\"image\":{\"@id\":\"https:\/\/mapetitetouche.fr\/blog\/#\/schema\/logo\/image\/\"}},{\"@type\":\"Person\",\"@id\":\"https:\/\/mapetitetouche.fr\/blog\/#\/schema\/person\/3c864cdc320801e3db34b663e7e3f816\",\"name\":\"Julien P.\",\"image\":{\"@type\":\"ImageObject\",\"inLanguage\":\"fr-FR\",\"@id\":\"https:\/\/mapetitetouche.fr\/blog\/#\/schema\/person\/image\/\",\"url\":\"https:\/\/mapetitetouche.fr\/blog\/wp-content\/uploads\/2026\/06\/persona_julien-p-96x96.jpg\",\"contentUrl\":\"https:\/\/mapetitetouche.fr\/blog\/wp-content\/uploads\/2026\/06\/persona_julien-p-96x96.jpg\",\"caption\":\"Julien P.\"},\"description\":\"Bricoleur et jardinier dans l'\u00e2me, j'\u00e9cris sur la maison et ses ext\u00e9rieurs avec les mains dans le cambouis plus que dans les th\u00e9ories. Mon terrain couvre tout l'habitat : le potager et le jardin au fil des saisons, mais aussi les petits travaux, la r\u00e9novation, le bricolage et les m\u00e9tiers du b\u00e2timent \u2014 toiture, isolation, menuiserie, serrurerie, ma\u00e7onnerie. J'aime expliquer un geste technique simplement, donner des fourchettes de prix r\u00e9alistes et les bons crit\u00e8res pour choisir un mat\u00e9riau ou un artisan. Je teste ce que je peux sur mes propres chantiers et au jardin avant d'en parler, je distingue la tradition de ce que confirme l'observation, et je pr\u00e9cise toujours le contexte \u2014 climat, type de sol, configuration du logement \u2014 parce qu'un m\u00eame conseil ne vaut pas partout. Mon but : rendre l'entretien et l'am\u00e9lioration de la maison accessibles, durables et \u00e9conomes.\",\"url\":\"https:\/\/mapetitetouche.fr\/blog\/auteur\/noname\/\",\"jobTitle\":\"R\u00e9dacteur en chef \u00b7 Maison, Jardin & Travaux\",\"knowsAbout\":[\"Maison\",\"Jardin\",\"Travaux\"],\"email\":\"julien.p@endirectdupotager.fr\"}]}<\/script>\n<!-- \/ Yoast SEO Premium plugin. -->","yoast_head_json":{"title":"Bricorama Viry-Noureuil : horaires, adresse et fermeture","description":"Bricorama Viry-Noureuil : adresse au C.C. Auchan, fermeture le dimanche, coupure du midi en semaine. Comment v\u00e9rifier l'horaire du jour avant de vous d\u00e9placer.","robots":{"index":"index","follow":"follow","max-snippet":"max-snippet:-1","max-image-preview":"max-image-preview:large","max-video-preview":"max-video-preview:-1"},"canonical":"https:\/\/mapetitetouche.fr\/blog\/articles\/bricorama-viry-noureuil-viry-noureuil\/","og_locale":"fr_FR","og_type":"article","og_title":"Bricorama Viry-Noureuil : horaires, adresse et fermeture","og_description":"Bricorama Viry-Noureuil : adresse au C.C. Auchan, fermeture le dimanche, coupure du midi en semaine. Comment v\u00e9rifier l'horaire du jour avant de vous d\u00e9placer.","og_url":"https:\/\/mapetitetouche.fr\/blog\/articles\/bricorama-viry-noureuil-viry-noureuil\/","og_site_name":"mapetitetouche","author":"Julien P.","twitter_card":"summary_large_image","schema":{"@context":"https:\/\/schema.org","@graph":[{"@type":"NewsArticle","@id":"https:\/\/mapetitetouche.fr\/blog\/articles\/bricorama-viry-noureuil-viry-noureuil\/#article","isPartOf":{"@id":"https:\/\/mapetitetouche.fr\/blog\/articles\/bricorama-viry-noureuil-viry-noureuil\/"},"author":{"name":"Julien P.","@id":"https:\/\/mapetitetouche.fr\/blog\/#\/schema\/person\/3c864cdc320801e3db34b663e7e3f816"},"headline":"Bricorama Viry-Noureuil : horaires, adresse et fermeture","datePublished":"2026-06-25T09:00:00+00:00","dateModified":"2026-08-23T22:38:01+00:00","mainEntityOfPage":{"@id":"https:\/\/mapetitetouche.fr\/blog\/articles\/bricorama-viry-noureuil-viry-noureuil\/"},"wordCount":870,"commentCount":0,"publisher":{"@id":"https:\/\/mapetitetouche.fr\/blog\/#organization"},"image":{"@id":"https:\/\/mapetitetouche.fr\/blog\/articles\/bricorama-viry-noureuil-viry-noureuil\/#primaryimage"},"thumbnailUrl":"https:\/\/images.pexels.com\/photos\/15021373\/pexels-photo-15021373.jpeg?auto=compress&cs=tinysrgb&fit=crop&h=627&w=1200","articleSection":["Articles"],"inLanguage":"fr-FR","potentialAction":[{"@type":"CommentAction","name":"Comment","target":["https:\/\/mapetitetouche.fr\/blog\/articles\/bricorama-viry-noureuil-viry-noureuil\/#respond"]}]},{"@type":"WebPage","@id":"https:\/\/mapetitetouche.fr\/blog\/articles\/bricorama-viry-noureuil-viry-noureuil\/","url":"https:\/\/mapetitetouche.fr\/blog\/articles\/bricorama-viry-noureuil-viry-noureuil\/","name":"Bricorama Viry-Noureuil : horaires, adresse et fermeture","isPartOf":{"@id":"https:\/\/mapetitetouche.fr\/blog\/#website"},"primaryImageOfPage":{"@id":"https:\/\/mapetitetouche.fr\/blog\/articles\/bricorama-viry-noureuil-viry-noureuil\/#primaryimage"},"image":{"@id":"https:\/\/mapetitetouche.fr\/blog\/articles\/bricorama-viry-noureuil-viry-noureuil\/#primaryimage"},"thumbnailUrl":"https:\/\/images.pexels.com\/photos\/15021373\/pexels-photo-15021373.jpeg?auto=compress&cs=tinysrgb&fit=crop&h=627&w=1200","datePublished":"2026-06-25T09:00:00+00:00","dateModified":"2026-08-23T22:38:01+00:00","description":"Bricorama Viry-Noureuil : adresse au C.C. Auchan, fermeture le dimanche, coupure du midi en semaine. Comment v\u00e9rifier l'horaire du jour avant de vous d\u00e9placer.","inLanguage":"fr-FR","potentialAction":[{"@type":"ReadAction","target":["https:\/\/mapetitetouche.fr\/blog\/articles\/bricorama-viry-noureuil-viry-noureuil\/"]}]},{"@type":"ImageObject","inLanguage":"fr-FR","@id":"https:\/\/mapetitetouche.fr\/blog\/articles\/bricorama-viry-noureuil-viry-noureuil\/#primaryimage","url":"https:\/\/images.pexels.com\/photos\/15021373\/pexels-photo-15021373.jpeg?auto=compress&cs=tinysrgb&fit=crop&h=627&w=1200","contentUrl":"https:\/\/images.pexels.com\/photos\/15021373\/pexels-photo-15021373.jpeg?auto=compress&cs=tinysrgb&fit=crop&h=627&w=1200"},{"@type":"WebSite","@id":"https:\/\/mapetitetouche.fr\/blog\/#website","url":"https:\/\/mapetitetouche.fr\/blog\/","name":"mapetitetouche.fr","description":"Ma Petite Touche, le DIY qui sublime votre quotidien","publisher":{"@id":"https:\/\/mapetitetouche.fr\/blog\/#organization"},"alternateName":"Ma Petite Touche, le DIY qui sublime votre quotidien","potentialAction":[{"@type":"SearchAction","target":{"@type":"EntryPoint","urlTemplate":"https:\/\/mapetitetouche.fr\/blog\/?s={search_term_string}"},"query-input":{"@type":"PropertyValueSpecification","valueRequired":true,"valueName":"search_term_string"}}],"inLanguage":"fr-FR"},{"@type":"Organization","@id":"https:\/\/mapetitetouche.fr\/blog\/#organization","name":"Foretsensations.fr","url":"https:\/\/mapetitetouche.fr\/blog\/","logo":{"@type":"ImageObject","inLanguage":"fr-FR","@id":"https:\/\/mapetitetouche.fr\/blog\/#\/schema\/logo\/image\/","url":"https:\/\/mapetitetouche.fr\/blog\/wp-content\/uploads\/2024\/12\/MaPetitetouche.png","contentUrl":"https:\/\/mapetitetouche.fr\/blog\/wp-content\/uploads\/2024\/12\/MaPetitetouche.png","width":500,"height":500,"caption":"Foretsensations.fr"},"image":{"@id":"https:\/\/mapetitetouche.fr\/blog\/#\/schema\/logo\/image\/"}},{"@type":"Person","@id":"https:\/\/mapetitetouche.fr\/blog\/#\/schema\/person\/3c864cdc320801e3db34b663e7e3f816","name":"Julien P.","image":{"@type":"ImageObject","inLanguage":"fr-FR","@id":"https:\/\/mapetitetouche.fr\/blog\/#\/schema\/person\/image\/","url":"https:\/\/mapetitetouche.fr\/blog\/wp-content\/uploads\/2026\/06\/persona_julien-p-96x96.jpg","contentUrl":"https:\/\/mapetitetouche.fr\/blog\/wp-content\/uploads\/2026\/06\/persona_julien-p-96x96.jpg","caption":"Julien P."},"description":"Bricoleur et jardinier dans l'\u00e2me, j'\u00e9cris sur la maison et ses ext\u00e9rieurs avec les mains dans le cambouis plus que dans les th\u00e9ories. Mon terrain couvre tout l'habitat : le potager et le jardin au fil des saisons, mais aussi les petits travaux, la r\u00e9novation, le bricolage et les m\u00e9tiers du b\u00e2timent \u2014 toiture, isolation, menuiserie, serrurerie, ma\u00e7onnerie. J'aime expliquer un geste technique simplement, donner des fourchettes de prix r\u00e9alistes et les bons crit\u00e8res pour choisir un mat\u00e9riau ou un artisan. Je teste ce que je peux sur mes propres chantiers et au jardin avant d'en parler, je distingue la tradition de ce que confirme l'observation, et je pr\u00e9cise toujours le contexte \u2014 climat, type de sol, configuration du logement \u2014 parce qu'un m\u00eame conseil ne vaut pas partout. Mon but : rendre l'entretien et l'am\u00e9lioration de la maison accessibles, durables et \u00e9conomes.","url":"https:\/\/mapetitetouche.fr\/blog\/auteur\/noname\/","jobTitle":"R\u00e9dacteur en chef \u00b7 Maison, Jardin & Travaux","knowsAbout":["Maison","Jardin","Travaux"],"email":"julien.p@endirectdupotager.fr"}]}},"_links":{"self":[{"href":"https:\/\/mapetitetouche.fr\/blog\/wp-json\/wp\/v2\/posts\/7637","targetHints":{"allow":["GET"]}}],"collection":[{"href":"https:\/\/mapetitetouche.fr\/blog\/wp-json\/wp\/v2\/posts"}],"about":[{"href":"https:\/\/mapetitetouche.fr\/blog\/wp-json\/wp\/v2\/types\/post"}],"author":[{"embeddable":true,"href":"https:\/\/mapetitetouche.fr\/blog\/wp-json\/wp\/v2\/users\/34"}],"replies":[{"embeddable":true,"href":"https:\/\/mapetitetouche.fr\/blog\/wp-json\/wp\/v2\/comments?post=7637"}],"version-history":[{"count":3,"href":"https:\/\/mapetitetouche.fr\/blog\/wp-json\/wp\/v2\/posts\/7637\/revisions"}],"predecessor-version":[{"id":7798,"href":"https:\/\/mapetitetouche.fr\/blog\/wp-json\/wp\/v2\/posts\/7637\/revisions\/7798"}],"wp:attachment":[{"href":"https:\/\/mapetitetouche.fr\/blog\/wp-json\/wp\/v2\/media?parent=7637"}],"wp:term":[{"taxonomy":"category","embeddable":true,"href":"https:\/\/mapetitetouche.fr\/blog\/wp-json\/wp\/v2\/categories?post=7637"},{"taxonomy":"post_tag","embeddable":true,"href":"https:\/\/mapetitetouche.fr\/blog\/wp-json\/wp\/v2\/tags?post=7637"}],"curies":[{"name":"wp","href":"https:\/\/api.w.org\/{rel}","templated":true}]}}