{"id":7761,"date":"2026-07-16T16:03:09","date_gmt":"2026-07-16T14:03:09","guid":{"rendered":"https:\/\/mapetitetouche.fr\/blog\/astuces-et-conseils-bricolage\/percer-et-fixer\/quelle-cheville-pour-du-placo\/"},"modified":"2026-07-16T16:05:20","modified_gmt":"2026-07-16T14:05:20","slug":"quelle-cheville-pour-du-placo","status":"publish","type":"post","link":"https:\/\/mapetitetouche.fr\/blog\/astuces-et-conseils-bricolage\/percer-et-fixer\/quelle-cheville-pour-du-placo\/","title":{"rendered":"Quelle cheville pour du placo ?"},"content":{"rendered":"<p><strong>Pour du placo (plaque de pl\u00e2tre BA13), la valeur s\u00fbre est la cheville m\u00e9tallique \u00e0 expansion, dite \u00ab Molly \u00bb, d\u00e8s que la charge d\u00e9passe 2 \u00e0 3 kg ; en dessous, une simple cheville autoperceuse en nylon suffit.<\/strong> Le placo est un mat\u00e9riau creux et friable : une cheville classique \u00ab pour mur plein \u00bb y tourne dans le vide et finit par arracher la plaque.<\/p>\n<h2>Les trois familles de chevilles pour plaque de pl\u00e2tre<\/h2>\n<p>On distingue trois solutions selon le poids \u00e0 fixer. La cheville autoperceuse (nylon ou m\u00e9tal) se visse directement dans la plaque, sans per\u00e7age pr\u00e9alable : parfaite pour un cadre, un thermom\u00e8tre, une petite pat\u00e8re. La cheville Molly, elle, se d\u00e9ploie derri\u00e8re la plaque comme un parapluie et r\u00e9partit la charge sur une large surface : c&rsquo;est elle qu&rsquo;on utilise pour les \u00e9tag\u00e8res, miroirs et meubles suspendus l\u00e9gers. Enfin, pour les charges vraiment lourdes, on ne compte plus sur la plaque elle-m\u00eame : on vise les montants m\u00e9talliques ou on pose un renfort.<\/p>\n<table>\n<tr>\n<th>Charge \u00e0 fixer<\/th>\n<th>Cheville conseill\u00e9e<\/th>\n<th>Exemples<\/th>\n<\/tr>\n<tr>\n<td>Moins de 3 kg<\/td>\n<td>Autoperceuse nylon ou m\u00e9tal (\u00e0 visser)<\/td>\n<td>Cadre photo, pat\u00e8re, d\u00e9co<\/td>\n<\/tr>\n<tr>\n<td>3 \u00e0 20 kg environ<\/td>\n<td>Molly (m\u00e9tallique \u00e0 expansion) \u00d84 \u00e0 \u00d86<\/td>\n<td>\u00c9tag\u00e8re, miroir, tringle<\/td>\n<\/tr>\n<tr>\n<td>20 \u00e0 30 kg environ<\/td>\n<td>Molly \u00d86\/\u00d88, plusieurs points<\/td>\n<td>Meuble haut l\u00e9ger, TV<\/td>\n<\/tr>\n<tr>\n<td>Plus de 30 kg<\/td>\n<td>Fixation dans les montants ou renfort bois<\/td>\n<td>Meuble de cuisine charg\u00e9, ballon<\/td>\n<\/tr>\n<\/table>\n<p>Ces seuils sont des ordres de grandeur : la charge admissible exacte figure sur l&#8217;emballage de chaque cheville, et elle suppose un placo sain et une pose correcte.<\/p>\n<h2>Comment bien poser une cheville dans du placo<\/h2>\n<p>Pour une Molly : percez au diam\u00e8tre indiqu\u00e9 sur la bo\u00eete (souvent 8 mm pour une Molly \u00d88\u2026 le chiffre correspond au foret \u00e0 utiliser), ins\u00e9rez la cheville, puis serrez-la avec une pince \u00e0 expansion. Cette pince, vendue quelques euros souvent avec les chevilles, plaque correctement les ailettes derri\u00e8re la plaque : sans elle, une Molly mal expans\u00e9e perd une grande partie de sa r\u00e9sistance. Il ne reste qu&rsquo;\u00e0 visser la vis fournie.<\/p>\n<h2>Le cas des charges lourdes<\/h2>\n<p>Au-del\u00e0 d&rsquo;une trentaine de kilos, cherchez les montants m\u00e9talliques (tous les 60 cm en g\u00e9n\u00e9ral, d\u00e9tectables \u00e0 l&rsquo;aimant ou au d\u00e9tecteur de mat\u00e9riaux) et vissez dedans, ou vissez une planche de r\u00e9partition sur plusieurs montants avant d&rsquo;y fixer votre objet. La plaque seule n&rsquo;est pas faite pour porter un meuble de cuisine rempli de vaisselle.<\/p>\n<details>\n<summary>Quelle cheville pour du placo doubl\u00e9 de polystyr\u00e8ne ?<\/summary>\n<p>C&rsquo;est le cas des doublages coll\u00e9s (plaque + isolant) : il faut une cheville sp\u00e9ciale \u00ab doublage \u00bb extra-longue, type Molly longue ou cheville \u00e0 bascule \u00e0 tige, qui traverse l&rsquo;isolant pour s&rsquo;ancrer derri\u00e8re la plaque. Les mod\u00e8les standards sont trop courts.<\/p>\n<\/details>\n<details>\n<summary>Quelle est la meilleure cheville pour le placo ?<\/summary>\n<p>Pour un usage courant au-del\u00e0 de quelques kilos, la Molly m\u00e9tallique reste la r\u00e9f\u00e9rence : elle est fiable, \u00e9conomique et sa pose \u00e0 la pince est reproductible. Les autoperceuses gagnent seulement sur les toutes petites charges, car elles ne demandent pas de per\u00e7age.<\/p>\n<\/details>\n<details>\n<summary>Le BA13, c&rsquo;est quoi exactement ?<\/summary>\n<p>C&rsquo;est la plaque de pl\u00e2tre standard de 13 mm d&rsquo;\u00e9paisseur (\u00ab Bord Aminci 13 \u00bb), celle qui recouvre la plupart des cloisons et doublages r\u00e9cents. Nos conseils ci-dessus s&rsquo;appliquent \u00e0 ce format courant.<\/p>\n<\/details>\n<details>\n<summary>Et si je tombe sur un rail m\u00e9tallique en per\u00e7ant ?<\/summary>\n<p>Bonne nouvelle : vous pouvez visser directement dedans avec une vis autoperceuse pour m\u00e9tal, c&rsquo;est m\u00eame plus solide que la plaque seule. Ne forcez pas avec une Molly \u00e0 cet endroit.<\/p>\n<\/details>\n<h2>\u00c0 lire aussi<\/h2>\n<ul>\n<li><a href=\"https:\/\/mapetitetouche.fr\/blog\/astuces-et-conseils-bricolage\/percer-et-fixer\/quelle-cheville-pour-quel-mur-le-guide-percer-et-fixer\/\">Quelle cheville pour quel mur ? Le guide percer &amp; fixer<\/a><\/li>\n<li><a href=\"https:\/\/mapetitetouche.fr\/blog\/astuces-et-conseils-bricolage\/percer-et-fixer\/quel-poids-supporte-une-cheville-molly\/\">Quel poids supporte une cheville Molly ?<\/a><\/li>\n<li><a href=\"https:\/\/mapetitetouche.fr\/blog\/astuces-et-conseils-bricolage\/percer-et-fixer\/comment-fixer-une-tv-sur-un-mur-en-placo\/\">Comment fixer une TV sur un mur en placo ?<\/a><\/li>\n<li><a href=\"https:\/\/mapetitetouche.fr\/blog\/astuces-et-conseils-bricolage\/percer-et-fixer\/comment-enlever-une-cheville-du-mur\/\">Comment enlever une cheville du mur ?<\/a><\/li>\n<\/ul>\n","protected":false},"excerpt":{"rendered":"","protected":false},"author":34,"featured_media":999999999,"comment_status":"open","ping_status":"open","sticky":false,"template":"","format":"standard","meta":{"_acf_changed":false,"manual_indexmenow":false,"indexmenow_id_project":0,"footnotes":""},"categories":[4620],"tags":[],"class_list":["post-7761","post","type-post","status-publish","format-standard","has-post-thumbnail","hentry","category-percer-et-fixer","generate-columns","tablet-grid-50","mobile-grid-100","grid-parent","grid-25"],"acf":[],"yoast_head":"<!-- This site is optimized with the Yoast SEO Premium plugin v21.3 (Yoast SEO v26.5) - https:\/\/yoast.com\/wordpress\/plugins\/seo\/ -->\n<title>Quelle cheville pour du placo ?<\/title>\n<meta name=\"description\" content=\"Pour du placo (plaque de pl\u00e2tre BA13), la valeur s\u00fbre est la cheville m\u00e9tallique \u00e0 expansion, dite \u00ab Molly \u00bb, d\u00e8s que la charge d\u00e9passe 2 \u00e0 3 kg ; en\" \/>\n<meta name=\"robots\" content=\"index, follow, max-snippet:-1, max-image-preview:large, max-video-preview:-1\" \/>\n<link rel=\"canonical\" href=\"https:\/\/mapetitetouche.fr\/blog\/astuces-et-conseils-bricolage\/percer-et-fixer\/quelle-cheville-pour-du-placo\/\" \/>\n<meta property=\"og:locale\" content=\"fr_FR\" \/>\n<meta property=\"og:type\" content=\"article\" \/>\n<meta property=\"og:title\" content=\"Quelle cheville pour du placo ?\" \/>\n<meta property=\"og:description\" content=\"Pour du placo (plaque de pl\u00e2tre BA13), la valeur s\u00fbre est la cheville m\u00e9tallique \u00e0 expansion, dite \u00ab Molly \u00bb, d\u00e8s que la charge d\u00e9passe 2 \u00e0 3 kg ; en\" \/>\n<meta property=\"og:url\" content=\"https:\/\/mapetitetouche.fr\/blog\/astuces-et-conseils-bricolage\/percer-et-fixer\/quelle-cheville-pour-du-placo\/\" \/>\n<meta property=\"og:site_name\" content=\"mapetitetouche\" \/>\n<meta name=\"author\" content=\"Julien P.\" \/>\n<meta name=\"twitter:card\" content=\"summary_large_image\" \/>\n<script type=\"application\/ld+json\" class=\"yoast-schema-graph\">{\"@context\":\"https:\/\/schema.org\",\"@graph\":[{\"@type\":\"NewsArticle\",\"@id\":\"https:\/\/mapetitetouche.fr\/blog\/astuces-et-conseils-bricolage\/percer-et-fixer\/quelle-cheville-pour-du-placo\/#article\",\"isPartOf\":{\"@id\":\"https:\/\/mapetitetouche.fr\/blog\/astuces-et-conseils-bricolage\/percer-et-fixer\/quelle-cheville-pour-du-placo\/\"},\"author\":{\"name\":\"Julien P.\",\"@id\":\"https:\/\/mapetitetouche.fr\/blog\/#\/schema\/person\/3c864cdc320801e3db34b663e7e3f816\"},\"headline\":\"Quelle cheville pour du placo ?\",\"datePublished\":\"2026-07-16T14:03:09+00:00\",\"dateModified\":\"2026-07-16T14:05:20+00:00\",\"mainEntityOfPage\":{\"@id\":\"https:\/\/mapetitetouche.fr\/blog\/astuces-et-conseils-bricolage\/percer-et-fixer\/quelle-cheville-pour-du-placo\/\"},\"wordCount\":635,\"commentCount\":0,\"publisher\":{\"@id\":\"https:\/\/mapetitetouche.fr\/blog\/#organization\"},\"image\":{\"@id\":\"https:\/\/mapetitetouche.fr\/blog\/astuces-et-conseils-bricolage\/percer-et-fixer\/quelle-cheville-pour-du-placo\/#primaryimage\"},\"thumbnailUrl\":\"https:\/\/images.pexels.com\/photos\/8470035\/pexels-photo-8470035.jpeg?auto=compress&cs=tinysrgb&fit=crop&h=627&w=1200\",\"articleSection\":[\"Percer &amp; Fixer\"],\"inLanguage\":\"fr-FR\",\"potentialAction\":[{\"@type\":\"CommentAction\",\"name\":\"Comment\",\"target\":[\"https:\/\/mapetitetouche.fr\/blog\/astuces-et-conseils-bricolage\/percer-et-fixer\/quelle-cheville-pour-du-placo\/#respond\"]}]},{\"@type\":\"WebPage\",\"@id\":\"https:\/\/mapetitetouche.fr\/blog\/astuces-et-conseils-bricolage\/percer-et-fixer\/quelle-cheville-pour-du-placo\/\",\"url\":\"https:\/\/mapetitetouche.fr\/blog\/astuces-et-conseils-bricolage\/percer-et-fixer\/quelle-cheville-pour-du-placo\/\",\"name\":\"Quelle cheville pour du placo ?\",\"isPartOf\":{\"@id\":\"https:\/\/mapetitetouche.fr\/blog\/#website\"},\"primaryImageOfPage\":{\"@id\":\"https:\/\/mapetitetouche.fr\/blog\/astuces-et-conseils-bricolage\/percer-et-fixer\/quelle-cheville-pour-du-placo\/#primaryimage\"},\"image\":{\"@id\":\"https:\/\/mapetitetouche.fr\/blog\/astuces-et-conseils-bricolage\/percer-et-fixer\/quelle-cheville-pour-du-placo\/#primaryimage\"},\"thumbnailUrl\":\"https:\/\/images.pexels.com\/photos\/8470035\/pexels-photo-8470035.jpeg?auto=compress&cs=tinysrgb&fit=crop&h=627&w=1200\",\"datePublished\":\"2026-07-16T14:03:09+00:00\",\"dateModified\":\"2026-07-16T14:05:20+00:00\",\"description\":\"Pour du placo (plaque de pl\u00e2tre BA13), la valeur s\u00fbre est la cheville m\u00e9tallique \u00e0 expansion, dite \u00ab Molly \u00bb, d\u00e8s que la charge d\u00e9passe 2 \u00e0 3 kg ; en\",\"inLanguage\":\"fr-FR\",\"potentialAction\":[{\"@type\":\"ReadAction\",\"target\":[\"https:\/\/mapetitetouche.fr\/blog\/astuces-et-conseils-bricolage\/percer-et-fixer\/quelle-cheville-pour-du-placo\/\"]}]},{\"@type\":\"ImageObject\",\"inLanguage\":\"fr-FR\",\"@id\":\"https:\/\/mapetitetouche.fr\/blog\/astuces-et-conseils-bricolage\/percer-et-fixer\/quelle-cheville-pour-du-placo\/#primaryimage\",\"url\":\"https:\/\/images.pexels.com\/photos\/8470035\/pexels-photo-8470035.jpeg?auto=compress&cs=tinysrgb&fit=crop&h=627&w=1200\",\"contentUrl\":\"https:\/\/images.pexels.com\/photos\/8470035\/pexels-photo-8470035.jpeg?auto=compress&cs=tinysrgb&fit=crop&h=627&w=1200\"},{\"@type\":\"WebSite\",\"@id\":\"https:\/\/mapetitetouche.fr\/blog\/#website\",\"url\":\"https:\/\/mapetitetouche.fr\/blog\/\",\"name\":\"mapetitetouche.fr\",\"description\":\"Ma Petite Touche, le DIY qui sublime votre quotidien\",\"publisher\":{\"@id\":\"https:\/\/mapetitetouche.fr\/blog\/#organization\"},\"alternateName\":\"Ma Petite Touche, le DIY qui sublime votre quotidien\",\"potentialAction\":[{\"@type\":\"SearchAction\",\"target\":{\"@type\":\"EntryPoint\",\"urlTemplate\":\"https:\/\/mapetitetouche.fr\/blog\/?s={search_term_string}\"},\"query-input\":{\"@type\":\"PropertyValueSpecification\",\"valueRequired\":true,\"valueName\":\"search_term_string\"}}],\"inLanguage\":\"fr-FR\"},{\"@type\":\"Organization\",\"@id\":\"https:\/\/mapetitetouche.fr\/blog\/#organization\",\"name\":\"Foretsensations.fr\",\"url\":\"https:\/\/mapetitetouche.fr\/blog\/\",\"logo\":{\"@type\":\"ImageObject\",\"inLanguage\":\"fr-FR\",\"@id\":\"https:\/\/mapetitetouche.fr\/blog\/#\/schema\/logo\/image\/\",\"url\":\"https:\/\/mapetitetouche.fr\/blog\/wp-content\/uploads\/2024\/12\/MaPetitetouche.png\",\"contentUrl\":\"https:\/\/mapetitetouche.fr\/blog\/wp-content\/uploads\/2024\/12\/MaPetitetouche.png\",\"width\":500,\"height\":500,\"caption\":\"Foretsensations.fr\"},\"image\":{\"@id\":\"https:\/\/mapetitetouche.fr\/blog\/#\/schema\/logo\/image\/\"}},{\"@type\":\"Person\",\"@id\":\"https:\/\/mapetitetouche.fr\/blog\/#\/schema\/person\/3c864cdc320801e3db34b663e7e3f816\",\"name\":\"Julien P.\",\"image\":{\"@type\":\"ImageObject\",\"inLanguage\":\"fr-FR\",\"@id\":\"https:\/\/mapetitetouche.fr\/blog\/#\/schema\/person\/image\/\",\"url\":\"https:\/\/mapetitetouche.fr\/blog\/wp-content\/uploads\/2026\/06\/persona_julien-p-96x96.jpg\",\"contentUrl\":\"https:\/\/mapetitetouche.fr\/blog\/wp-content\/uploads\/2026\/06\/persona_julien-p-96x96.jpg\",\"caption\":\"Julien P.\"},\"description\":\"Bricoleur et jardinier dans l'\u00e2me, j'\u00e9cris sur la maison et ses ext\u00e9rieurs avec les mains dans le cambouis plus que dans les th\u00e9ories. Mon terrain couvre tout l'habitat : le potager et le jardin au fil des saisons, mais aussi les petits travaux, la r\u00e9novation, le bricolage et les m\u00e9tiers du b\u00e2timent \u2014 toiture, isolation, menuiserie, serrurerie, ma\u00e7onnerie. J'aime expliquer un geste technique simplement, donner des fourchettes de prix r\u00e9alistes et les bons crit\u00e8res pour choisir un mat\u00e9riau ou un artisan. Je teste ce que je peux sur mes propres chantiers et au jardin avant d'en parler, je distingue la tradition de ce que confirme l'observation, et je pr\u00e9cise toujours le contexte \u2014 climat, type de sol, configuration du logement \u2014 parce qu'un m\u00eame conseil ne vaut pas partout. Mon but : rendre l'entretien et l'am\u00e9lioration de la maison accessibles, durables et \u00e9conomes.\",\"url\":\"https:\/\/mapetitetouche.fr\/blog\/auteur\/noname\/\",\"jobTitle\":\"R\u00e9dacteur en chef \u00b7 Maison, Jardin & Travaux\",\"knowsAbout\":[\"Maison\",\"Jardin\",\"Travaux\"],\"email\":\"julien.p@endirectdupotager.fr\"}]}<\/script>\n<!-- \/ Yoast SEO Premium plugin. -->","yoast_head_json":{"title":"Quelle cheville pour du placo ?","description":"Pour du placo (plaque de pl\u00e2tre BA13), la valeur s\u00fbre est la cheville m\u00e9tallique \u00e0 expansion, dite \u00ab Molly \u00bb, d\u00e8s que la charge d\u00e9passe 2 \u00e0 3 kg ; en","robots":{"index":"index","follow":"follow","max-snippet":"max-snippet:-1","max-image-preview":"max-image-preview:large","max-video-preview":"max-video-preview:-1"},"canonical":"https:\/\/mapetitetouche.fr\/blog\/astuces-et-conseils-bricolage\/percer-et-fixer\/quelle-cheville-pour-du-placo\/","og_locale":"fr_FR","og_type":"article","og_title":"Quelle cheville pour du placo ?","og_description":"Pour du placo (plaque de pl\u00e2tre BA13), la valeur s\u00fbre est la cheville m\u00e9tallique \u00e0 expansion, dite \u00ab Molly \u00bb, d\u00e8s que la charge d\u00e9passe 2 \u00e0 3 kg ; en","og_url":"https:\/\/mapetitetouche.fr\/blog\/astuces-et-conseils-bricolage\/percer-et-fixer\/quelle-cheville-pour-du-placo\/","og_site_name":"mapetitetouche","author":"Julien P.","twitter_card":"summary_large_image","schema":{"@context":"https:\/\/schema.org","@graph":[{"@type":"NewsArticle","@id":"https:\/\/mapetitetouche.fr\/blog\/astuces-et-conseils-bricolage\/percer-et-fixer\/quelle-cheville-pour-du-placo\/#article","isPartOf":{"@id":"https:\/\/mapetitetouche.fr\/blog\/astuces-et-conseils-bricolage\/percer-et-fixer\/quelle-cheville-pour-du-placo\/"},"author":{"name":"Julien P.","@id":"https:\/\/mapetitetouche.fr\/blog\/#\/schema\/person\/3c864cdc320801e3db34b663e7e3f816"},"headline":"Quelle cheville pour du placo ?","datePublished":"2026-07-16T14:03:09+00:00","dateModified":"2026-07-16T14:05:20+00:00","mainEntityOfPage":{"@id":"https:\/\/mapetitetouche.fr\/blog\/astuces-et-conseils-bricolage\/percer-et-fixer\/quelle-cheville-pour-du-placo\/"},"wordCount":635,"commentCount":0,"publisher":{"@id":"https:\/\/mapetitetouche.fr\/blog\/#organization"},"image":{"@id":"https:\/\/mapetitetouche.fr\/blog\/astuces-et-conseils-bricolage\/percer-et-fixer\/quelle-cheville-pour-du-placo\/#primaryimage"},"thumbnailUrl":"https:\/\/images.pexels.com\/photos\/8470035\/pexels-photo-8470035.jpeg?auto=compress&cs=tinysrgb&fit=crop&h=627&w=1200","articleSection":["Percer &amp; Fixer"],"inLanguage":"fr-FR","potentialAction":[{"@type":"CommentAction","name":"Comment","target":["https:\/\/mapetitetouche.fr\/blog\/astuces-et-conseils-bricolage\/percer-et-fixer\/quelle-cheville-pour-du-placo\/#respond"]}]},{"@type":"WebPage","@id":"https:\/\/mapetitetouche.fr\/blog\/astuces-et-conseils-bricolage\/percer-et-fixer\/quelle-cheville-pour-du-placo\/","url":"https:\/\/mapetitetouche.fr\/blog\/astuces-et-conseils-bricolage\/percer-et-fixer\/quelle-cheville-pour-du-placo\/","name":"Quelle cheville pour du placo ?","isPartOf":{"@id":"https:\/\/mapetitetouche.fr\/blog\/#website"},"primaryImageOfPage":{"@id":"https:\/\/mapetitetouche.fr\/blog\/astuces-et-conseils-bricolage\/percer-et-fixer\/quelle-cheville-pour-du-placo\/#primaryimage"},"image":{"@id":"https:\/\/mapetitetouche.fr\/blog\/astuces-et-conseils-bricolage\/percer-et-fixer\/quelle-cheville-pour-du-placo\/#primaryimage"},"thumbnailUrl":"https:\/\/images.pexels.com\/photos\/8470035\/pexels-photo-8470035.jpeg?auto=compress&cs=tinysrgb&fit=crop&h=627&w=1200","datePublished":"2026-07-16T14:03:09+00:00","dateModified":"2026-07-16T14:05:20+00:00","description":"Pour du placo (plaque de pl\u00e2tre BA13), la valeur s\u00fbre est la cheville m\u00e9tallique \u00e0 expansion, dite \u00ab Molly \u00bb, d\u00e8s que la charge d\u00e9passe 2 \u00e0 3 kg ; en","inLanguage":"fr-FR","potentialAction":[{"@type":"ReadAction","target":["https:\/\/mapetitetouche.fr\/blog\/astuces-et-conseils-bricolage\/percer-et-fixer\/quelle-cheville-pour-du-placo\/"]}]},{"@type":"ImageObject","inLanguage":"fr-FR","@id":"https:\/\/mapetitetouche.fr\/blog\/astuces-et-conseils-bricolage\/percer-et-fixer\/quelle-cheville-pour-du-placo\/#primaryimage","url":"https:\/\/images.pexels.com\/photos\/8470035\/pexels-photo-8470035.jpeg?auto=compress&cs=tinysrgb&fit=crop&h=627&w=1200","contentUrl":"https:\/\/images.pexels.com\/photos\/8470035\/pexels-photo-8470035.jpeg?auto=compress&cs=tinysrgb&fit=crop&h=627&w=1200"},{"@type":"WebSite","@id":"https:\/\/mapetitetouche.fr\/blog\/#website","url":"https:\/\/mapetitetouche.fr\/blog\/","name":"mapetitetouche.fr","description":"Ma Petite Touche, le DIY qui sublime votre quotidien","publisher":{"@id":"https:\/\/mapetitetouche.fr\/blog\/#organization"},"alternateName":"Ma Petite Touche, le DIY qui sublime votre quotidien","potentialAction":[{"@type":"SearchAction","target":{"@type":"EntryPoint","urlTemplate":"https:\/\/mapetitetouche.fr\/blog\/?s={search_term_string}"},"query-input":{"@type":"PropertyValueSpecification","valueRequired":true,"valueName":"search_term_string"}}],"inLanguage":"fr-FR"},{"@type":"Organization","@id":"https:\/\/mapetitetouche.fr\/blog\/#organization","name":"Foretsensations.fr","url":"https:\/\/mapetitetouche.fr\/blog\/","logo":{"@type":"ImageObject","inLanguage":"fr-FR","@id":"https:\/\/mapetitetouche.fr\/blog\/#\/schema\/logo\/image\/","url":"https:\/\/mapetitetouche.fr\/blog\/wp-content\/uploads\/2024\/12\/MaPetitetouche.png","contentUrl":"https:\/\/mapetitetouche.fr\/blog\/wp-content\/uploads\/2024\/12\/MaPetitetouche.png","width":500,"height":500,"caption":"Foretsensations.fr"},"image":{"@id":"https:\/\/mapetitetouche.fr\/blog\/#\/schema\/logo\/image\/"}},{"@type":"Person","@id":"https:\/\/mapetitetouche.fr\/blog\/#\/schema\/person\/3c864cdc320801e3db34b663e7e3f816","name":"Julien P.","image":{"@type":"ImageObject","inLanguage":"fr-FR","@id":"https:\/\/mapetitetouche.fr\/blog\/#\/schema\/person\/image\/","url":"https:\/\/mapetitetouche.fr\/blog\/wp-content\/uploads\/2026\/06\/persona_julien-p-96x96.jpg","contentUrl":"https:\/\/mapetitetouche.fr\/blog\/wp-content\/uploads\/2026\/06\/persona_julien-p-96x96.jpg","caption":"Julien P."},"description":"Bricoleur et jardinier dans l'\u00e2me, j'\u00e9cris sur la maison et ses ext\u00e9rieurs avec les mains dans le cambouis plus que dans les th\u00e9ories. Mon terrain couvre tout l'habitat : le potager et le jardin au fil des saisons, mais aussi les petits travaux, la r\u00e9novation, le bricolage et les m\u00e9tiers du b\u00e2timent \u2014 toiture, isolation, menuiserie, serrurerie, ma\u00e7onnerie. J'aime expliquer un geste technique simplement, donner des fourchettes de prix r\u00e9alistes et les bons crit\u00e8res pour choisir un mat\u00e9riau ou un artisan. Je teste ce que je peux sur mes propres chantiers et au jardin avant d'en parler, je distingue la tradition de ce que confirme l'observation, et je pr\u00e9cise toujours le contexte \u2014 climat, type de sol, configuration du logement \u2014 parce qu'un m\u00eame conseil ne vaut pas partout. Mon but : rendre l'entretien et l'am\u00e9lioration de la maison accessibles, durables et \u00e9conomes.","url":"https:\/\/mapetitetouche.fr\/blog\/auteur\/noname\/","jobTitle":"R\u00e9dacteur en chef \u00b7 Maison, Jardin & Travaux","knowsAbout":["Maison","Jardin","Travaux"],"email":"julien.p@endirectdupotager.fr"}]}},"_links":{"self":[{"href":"https:\/\/mapetitetouche.fr\/blog\/wp-json\/wp\/v2\/posts\/7761","targetHints":{"allow":["GET"]}}],"collection":[{"href":"https:\/\/mapetitetouche.fr\/blog\/wp-json\/wp\/v2\/posts"}],"about":[{"href":"https:\/\/mapetitetouche.fr\/blog\/wp-json\/wp\/v2\/types\/post"}],"author":[{"embeddable":true,"href":"https:\/\/mapetitetouche.fr\/blog\/wp-json\/wp\/v2\/users\/34"}],"replies":[{"embeddable":true,"href":"https:\/\/mapetitetouche.fr\/blog\/wp-json\/wp\/v2\/comments?post=7761"}],"version-history":[{"count":1,"href":"https:\/\/mapetitetouche.fr\/blog\/wp-json\/wp\/v2\/posts\/7761\/revisions"}],"predecessor-version":[{"id":7774,"href":"https:\/\/mapetitetouche.fr\/blog\/wp-json\/wp\/v2\/posts\/7761\/revisions\/7774"}],"wp:attachment":[{"href":"https:\/\/mapetitetouche.fr\/blog\/wp-json\/wp\/v2\/media?parent=7761"}],"wp:term":[{"taxonomy":"category","embeddable":true,"href":"https:\/\/mapetitetouche.fr\/blog\/wp-json\/wp\/v2\/categories?post=7761"},{"taxonomy":"post_tag","embeddable":true,"href":"https:\/\/mapetitetouche.fr\/blog\/wp-json\/wp\/v2\/tags?post=7761"}],"curies":[{"name":"wp","href":"https:\/\/api.w.org\/{rel}","templated":true}]}}